{"id":738431,"date":"2026-01-22T15:59:12","date_gmt":"2026-01-22T15:59:12","guid":{"rendered":"https:\/\/www.europesays.com\/de\/738431\/"},"modified":"2026-01-22T15:59:12","modified_gmt":"2026-01-22T15:59:12","slug":"kriminalitaet-fuenf-festnahmen-nach-unangemeldeter-demo-in-berlin-kreuzberg","status":"publish","type":"post","link":"https:\/\/www.europesays.com\/de\/738431\/","title":{"rendered":"Kriminalit\u00e4t: F\u00fcnf Festnahmen nach unangemeldeter Demo in Berlin-Kreuzberg"},"content":{"rendered":"<p>            Schlie\u00dfen<\/p>\n<p>            Ver\u00f6ffentlicht am<br \/>\n                <\/p>\n<p>        Hinweis<\/p>\n<p class=\"article-notice__text\">DIE ZEIT hat diese Meldung redaktionell nicht bearbeitet. Sie wurde automatisch von der Deutschen Presse-Agentur (dpa) \u00fcbernommen.<\/p>\n<p>            <img decoding=\"async\" class=\"article__media-item\" src=\"https:\/\/www.europesays.com\/de\/wp-content\/uploads\/2026\/01\/1769097552_112_wide__660x371.jpeg\" alt=\"Kriminalit\u00e4t: Der f\u00fcr politisch motivierte Straftaten zust\u00e4ndige Staatsschutz ermittelt. (Symbolbild)\"\/><\/p>\n<p>                    Der f\u00fcr politisch motivierte Straftaten zust\u00e4ndige Staatsschutz ermittelt. (Symbolbild)<br \/>\n            \u00a9\u00a0Daniel Karmann\/\u200bdpa<\/p>\n<p class=\"paragraph article__item\">Die <a class=\"rtr-entity\" href=\"https:\/\/www.zeit.de\/thema\/polizei\" rel=\"nofollow noopener\" target=\"_blank\">Polizei<\/a> hat in Berlin-Kreuzberg am Mittwochabend eine unangemeldete Demonstration gestoppt und f\u00fcnf Verd\u00e4chtige festgenommen. Eine Streife beobachtete, wie sich an der Kreuzung Adalbertstra\u00dfe\/Oranienstra\u00dfe etwa 25 Menschen versammelten, wie die Beh\u00f6rde mitteilte.\u00a0\n<\/p>\n<p>Aktuelles<\/p>\n<p>                <a href=\"https:\/\/www.zeit.de\/gesellschaft\/2025-12\/jahreswechsel-silvesternacht-deutschland-berlin-festnahmen-feuerwerk-gxe\" data-ct-label=\"Jahreswechsel: Zwei Tote in Bielefeld, fast 400 Festnahmen in Berlin\" rel=\"nofollow noopener\" target=\"_blank\"><\/p>\n<p>                        Jahreswechsel:<br \/>\n                        Zwei Tote in Bielefeld, fast 400 Festnahmen in Berlin<\/p>\n<p>                <\/a><\/p>\n<p>                <a href=\"https:\/\/www.zeit.de\/politik\/deutschland\/2026-01\/kurden-syrien-demonstrationen-deutsche-staedte-gxe\" data-ct-label=\"Prokurdische Demonstrationen: Tausende protestieren gegen Angriffe auf Kurden in Syrien\" rel=\"nofollow noopener\" target=\"_blank\"><\/p>\n<p>                        Prokurdische Demonstrationen:<br \/>\n                        Tausende protestieren gegen Angriffe auf Kurden in Syrien<\/p>\n<p>                <\/a><\/p>\n<p>                <a href=\"https:\/\/www.zeit.de\/politik\/deutschland\/2026-01\/iran-botschaft-flagge-heruntergerissen-regime-demonstration\" data-ct-label=\"Iran-Proteste: Demonstranten rei\u00dfen Flagge an iranischer Botschaft in Berlin ab\" rel=\"nofollow noopener\" target=\"_blank\"><\/p>\n<p>                        Iran-Proteste:<br \/>\n                        Demonstranten rei\u00dfen Flagge an iranischer Botschaft in Berlin ab<\/p>\n<p>                <\/a><\/p>\n<p class=\"paragraph article__item\">Demnach trugen diese schwarze Kleidung und waren zum Teil vermummt. Auch z\u00fcndeten sie Feuerwerk und schwenkten eine Fahne der Organisation \u00abKommunistischer Aufstand\u00bb.\n<\/p>\n<p class=\"paragraph article__item\">Als die Menge den Angaben zufolge die Polizei erblickte, fl\u00fcchtete sie. Zwei Frauen und drei M\u00e4nner im Alter von 17 bis 29 Jahren konnten jedoch angehalten werden. Sie wurden auf eine Dienststelle gebracht, wo ihre Personalien aufgenommen wurden. Danach kamen sie wieder auf freien Fu\u00df.\u00a0\n<\/p>\n<p class=\"paragraph article__item\">Der f\u00fcr politisch motivierte Straftaten zust\u00e4ndige Staatsschutz ermittelt wegen Versto\u00dfes gegen das Versammlungsfreiheitsgesetz und das Sprengstoffgesetz. Die Demonstration war laut Polizei nicht angemeldet gewesen.\n<\/p>\n<p class=\"paragraph article__item\">\u00a9 dpa-infocom, dpa:260122-930-582840\/2<\/p>\n","protected":false},"excerpt":{"rendered":"Schlie\u00dfen Ver\u00f6ffentlicht am Hinweis DIE ZEIT hat diese Meldung redaktionell nicht bearbeitet. Sie wurde automatisch von der Deutschen&hellip;\n","protected":false},"author":2,"featured_media":738432,"comment_status":"","ping_status":"","sticky":false,"template":"","format":"standard","meta":{"footnotes":"","_share_on_mastodon":"0"},"categories":[1825],"tags":[296,7150,29,30,1584,15,121,8789],"class_list":["post-738431","post","type-post","status-publish","format-standard","has-post-thumbnail","category-berlin","tag-berlin","tag-berlin-kreuzberg","tag-deutschland","tag-germany","tag-kriminalitaet","tag-news","tag-polizei","tag-streife"],"share_on_mastodon":{"url":"https:\/\/pubeurope.com\/@de\/115939584584774023","error":""},"_links":{"self":[{"href":"https:\/\/www.europesays.com\/de\/wp-json\/wp\/v2\/posts\/738431","targetHints":{"allow":["GET"]}}],"collection":[{"href":"https:\/\/www.europesays.com\/de\/wp-json\/wp\/v2\/posts"}],"about":[{"href":"https:\/\/www.europesays.com\/de\/wp-json\/wp\/v2\/types\/post"}],"author":[{"embeddable":true,"href":"https:\/\/www.europesays.com\/de\/wp-json\/wp\/v2\/users\/2"}],"replies":[{"embeddable":true,"href":"https:\/\/www.europesays.com\/de\/wp-json\/wp\/v2\/comments?post=738431"}],"version-history":[{"count":0,"href":"https:\/\/www.europesays.com\/de\/wp-json\/wp\/v2\/posts\/738431\/revisions"}],"wp:featuredmedia":[{"embeddable":true,"href":"https:\/\/www.europesays.com\/de\/wp-json\/wp\/v2\/media\/738432"}],"wp:attachment":[{"href":"https:\/\/www.europesays.com\/de\/wp-json\/wp\/v2\/media?parent=738431"}],"wp:term":[{"taxonomy":"category","embeddable":true,"href":"https:\/\/www.europesays.com\/de\/wp-json\/wp\/v2\/categories?post=738431"},{"taxonomy":"post_tag","embeddable":true,"href":"https:\/\/www.europesays.com\/de\/wp-json\/wp\/v2\/tags?post=738431"}],"curies":[{"name":"wp","href":"https:\/\/api.w.org\/{rel}","templated":true}]}}