{"id":738652,"date":"2026-01-22T18:01:17","date_gmt":"2026-01-22T18:01:17","guid":{"rendered":"https:\/\/www.europesays.com\/de\/738652\/"},"modified":"2026-01-22T18:01:17","modified_gmt":"2026-01-22T18:01:17","slug":"grenzkontrollen-in-kehl-so-viele-unerlaubte-einreisen-aus-frankreich-hat-die-polizei-erfasst-ortenau","status":"publish","type":"post","link":"https:\/\/www.europesays.com\/de\/738652\/","title":{"rendered":"Grenzkontrollen in Kehl: So viele unerlaubte Einreisen aus Frankreich hat die Polizei erfasst &#8211; Ortenau"},"content":{"rendered":"<p>Die Polizeipr\u00e4senz in <a href=\"https:\/\/www.lahrer-zeitung.de\/thema\/Kehl\" title=\"Kehl\" class=\"art_thema\" rel=\"nofollow noopener\" target=\"_blank\">Kehl<\/a> ist nach wie vor hoch: Mehr als ein Dutzend Beamte verteilen sich beim Besuch unserer Redaktion rund um Europa-Br\u00fccke, Tramstation und Bahnhof \u2013 Einsatzfahrzeuge pr\u00e4gen das Bild. <\/p>\n<p>An einer Engstelle direkt hinter der Rheinbr\u00fccke behalten zwei Bundespolizisten die Fahrzeuge im Blick. Sie stoppen einzelne Wagen, stellen Fragen, lassen die Insassen weiterfahren oder winken sie raus. <\/p>\n<p>Bereitstehende Beamte \u00fcberpr\u00fcfen die Einreisenden und ihr Fahrzeug gegebenenfalls n\u00e4her. Die Abl\u00e4ufe wirken routiniert, die Stimmung scheint entspannt bis gesch\u00e4ftsm\u00e4\u00dfig. <\/p>\n<p>Autos stauen sich bis auf die franz\u00f6sische Rheinseite <\/p>\n<p>\u00c4hnlich stellt sich die Situation an der Tramhaltestation und dem Bahnhof dar. Stra\u00dfenbahnen und Z\u00fcge m\u00fcssen nach Passieren der <a href=\"https:\/\/www.lahrer-zeitung.de\/thema\/Grenze\" title=\"Grenze\" class=\"art_thema\" rel=\"nofollow noopener\" target=\"_blank\">Grenze<\/a> beim Besuch unserer Redaktion augenscheinlich keine Zwangspause einlegen. Beamte der <a href=\"https:\/\/www.lahrer-zeitung.de\/thema\/Bundespolizei\" title=\"Bundespolizei\" class=\"art_thema\" rel=\"nofollow noopener\" target=\"_blank\">Bundespolizei<\/a> stehen jedoch auf den Bahnsteigen bereit. Sie sprechen Reisende an und \u00fcberpr\u00fcfen Papiere. <\/p>\n<p>Die Situation an der Grenze hat sich <a href=\"https:\/\/www.schwarzwaelder-bote.de\/inhalt.neue-regeln-an-den-grenzen-so-laufen-die-deutlich-verschaerften-kontrollen-in-kehl-ab.68bb4adf-9cb5-4e3a-bbc4-45785e540e85.html\" target=\"_blank\" rel=\"nofollow noopener\">seit Beginn der versch\u00e4rften Kontrollen<\/a> offenbar entspannt. Die Kontrollstelle direkt nach der Europa-Br\u00fccke sorgte am Wochenende allerdings nach wie vor f\u00fcr Verkehrsbehinderungen. Die Fahrzeuge stauten sich beim Besuch unserer Redaktion bis ans franz\u00f6sische Rheinufer und dar\u00fcber hinaus. <\/p>\n<p>  <img decoding=\"async\" loading=\"lazy\" src=\"https:\/\/www.europesays.com\/de\/wp-content\/uploads\/2026\/01\/media.media.45f1ef42-8840-4fd4-a452-532116c4ed91.original1024.media.jpeg\"\/>      Foto: Armbruster    <\/p>\n<p>Wer von Frankreich kommend in Kehl einkaufen oder f\u00fcr die Weiterreise die Grenze \u00fcberqueren wollte, musste einige Minuten mehr einplanen. Lieferverkehr in Form von Lastwagen war nicht auszumachen. Ob das am Wochentag, den strengen Auflagen der Stra\u00dfburger Umweltzone oder einer Ausweichbewegung auf nicht-kontrollierte Grenz\u00fcberg\u00e4nge lag, blieb offen. <\/p>\n<p>\u201eAm Anfang war die Situation f\u00fcr alle neu\u201c, erkl\u00e4rte Dieter Hutt, Sprecher der Bundespolizeiinspektion Offenburg, im Gespr\u00e4ch mit unserer Redaktion. \u201eViele Kollegen kannten die Zeit der Grenzkontrollen in Europa auch gar nicht mehr.\u201c<\/p>\n<p> Abl\u00e4ufe haben sich laut Bundespolizei eingespielt <\/p>\n<p>Mittlerweile habe sich aber alles soweit eingespielt. Mit der Stadt und der Bahn stehe die Bundespolizei im Austausch. Grunds\u00e4tzlich seien immer noch Aufenthalte von bis zu 15 Minuten f\u00fcr die Kontrolle von Nah- und Fernverkehr m\u00f6glich. Laut Hutt dauerten die <a href=\"https:\/\/www.lahrer-zeitung.de\/thema\/Kontrollen\" title=\"Kontrollen\" class=\"art_thema\" rel=\"nofollow noopener\" target=\"_blank\">Kontrollen<\/a> aber \u201eeigentlich immer deutlich unter zehn Minuten\u201c. <\/p>\n<p> Zahlen f\u00fcr Aufgriffe an den Grenz\u00fcberg\u00e4ngen in der Ortenau \u2013 konkret die Kehler Europa-Br\u00fccke \u2013 gibt die Bundespolizei nicht heraus. Hutt verweist jedoch auf die Statistik aus Stuttgart: Der gr\u00f6\u00dfte Teil der Feststellungen an der Grenze zu Frankreich w\u00fcrden sich ohnehin auf den \u00dcbergang in Kehl beziehen. <\/p>\n<p> Fast 5200 unerlaubte Einreisen aus Frankreich <\/p>\n<p>Demnach kam es zwischen Mai und Dezember 2025 zu 5182 unerlaubten Einreisen aus Frankreich. 4004 Menschen wurden unmittelbar an der Grenze zur\u00fcckgewiesen \u2013 davon 48 Asylsuchende. Weitere 229 Menschen wurden nach Frankreich zur\u00fcck geschoben, nachdem sie bereits nach Deutschland eingereist waren. <\/p>\n<p>34 Zugeh\u00f6rige vulnerabler Gruppen \u2013 etwa Frauen mit kleinen Kindern, Schwangere oder erkennbar Schwerkranke \u2013 stellten laut Zahlen der Bundespolizei an der Grenze zu Frankreich ein Asylgesuch. Diesen musste laut Anweisung des Bundesinnenministeriums die Einreise gestattet werden. <\/p>\n<p>Dar\u00fcber hinaus nahm die Polizei 89 mutma\u00dfliche Schleuser fest. Zudem vollzogen die Beamten 512 sogenannte strafprozessuale Festnahmen, also Menschen, die per Haftbefehl gesucht wurden. <\/p>\n<p> Seit Mai 2025 <\/p>\n<p class=\"infobox\"> Auf Anordnung des Bundesinnenministeriums vom 7. Mai 2025 kann die Bundespolizei an der Grenze auch Menschen zur\u00fcckweisen, die ein Asylgesuch \u00e4u\u00dfern. Grunds\u00e4tzlich hatte das die Situation an der Kehler Europa-Br\u00fccke jedoch nicht ge\u00e4ndert. Bereits seit September 2024 \u2013 eigentlich sogar bereits seit der Fu\u00dfball-EM und Olympia im Sommer zuvor \u2013 wird an der Grenze immer wieder kontrolliert. Grunds\u00e4tzlich k\u00f6nnen die Kontrollen rund um die Uhr stattfinden. Bereits vor der neuen Ansage aus Berlin konnte die Bundespolizei Einreisende ohne Pass, Visum oder einem \u201eschengeng\u00fcltiges Dokument\u201c zur\u00fcckweisen. Wer den Beamten erkl\u00e4rte, ein Asylgesuch stellen zu wollen, wurde aber erkennungsdienstlich erfasst und in den Zug zur Landeserstaufnahmestelle nach Karlsruhe gesetzt \u2013 obwohl Frankreich als sicherer Drittstaat gilt. Seit Mai 2025 ist damit jedoch Schluss. <\/p>\n","protected":false},"excerpt":{"rendered":"Die Polizeipr\u00e4senz in Kehl ist nach wie vor hoch: Mehr als ein Dutzend Beamte verteilen sich beim Besuch&hellip;\n","protected":false},"author":2,"featured_media":738653,"comment_status":"","ping_status":"","sticky":false,"template":"","format":"standard","meta":{"footnotes":"","_share_on_mastodon":"0"},"categories":[3974],"tags":[331,332,11506,421,548,663,3934,3980,156,3040,10569,13,12983,3270,14,15,112907,112906,12,5716,601],"class_list":["post-738652","post","type-post","status-publish","format-standard","has-post-thumbnail","category-frankreich","tag-aktuelle-nachrichten","tag-aktuelle-news","tag-behinderungen","tag-bundespolizei","tag-eu","tag-europa","tag-europe","tag-france","tag-frankreich","tag-grenze","tag-grenzkontrollen","tag-headlines","tag-kehl","tag-kontrollen","tag-nachrichten","tag-news","tag-offenburg-umgebung","tag-region-ortenaukreis","tag-schlagzeilen","tag-stau","tag-verkehr"],"share_on_mastodon":{"url":"https:\/\/pubeurope.com\/@de\/115940064314915559","error":""},"_links":{"self":[{"href":"https:\/\/www.europesays.com\/de\/wp-json\/wp\/v2\/posts\/738652","targetHints":{"allow":["GET"]}}],"collection":[{"href":"https:\/\/www.europesays.com\/de\/wp-json\/wp\/v2\/posts"}],"about":[{"href":"https:\/\/www.europesays.com\/de\/wp-json\/wp\/v2\/types\/post"}],"author":[{"embeddable":true,"href":"https:\/\/www.europesays.com\/de\/wp-json\/wp\/v2\/users\/2"}],"replies":[{"embeddable":true,"href":"https:\/\/www.europesays.com\/de\/wp-json\/wp\/v2\/comments?post=738652"}],"version-history":[{"count":0,"href":"https:\/\/www.europesays.com\/de\/wp-json\/wp\/v2\/posts\/738652\/revisions"}],"wp:featuredmedia":[{"embeddable":true,"href":"https:\/\/www.europesays.com\/de\/wp-json\/wp\/v2\/media\/738653"}],"wp:attachment":[{"href":"https:\/\/www.europesays.com\/de\/wp-json\/wp\/v2\/media?parent=738652"}],"wp:term":[{"taxonomy":"category","embeddable":true,"href":"https:\/\/www.europesays.com\/de\/wp-json\/wp\/v2\/categories?post=738652"},{"taxonomy":"post_tag","embeddable":true,"href":"https:\/\/www.europesays.com\/de\/wp-json\/wp\/v2\/tags?post=738652"}],"curies":[{"name":"wp","href":"https:\/\/api.w.org\/{rel}","templated":true}]}}