{"id":738741,"date":"2026-01-22T18:50:13","date_gmt":"2026-01-22T18:50:13","guid":{"rendered":"https:\/\/www.europesays.com\/de\/738741\/"},"modified":"2026-01-22T18:50:13","modified_gmt":"2026-01-22T18:50:13","slug":"bvb-verleiht-duranville-bis-saisonende-an-fc-basel-keine-kaufoption","status":"publish","type":"post","link":"https:\/\/www.europesays.com\/de\/738741\/","title":{"rendered":"BVB verleiht Duranville bis Saisonende an FC Basel \u2013 Keine Kaufoption"},"content":{"rendered":"<p>Mit Weiterverkaufsbeteiligung\u00a0<\/p>\n<p>                                    <img decoding=\"async\" src=\"https:\/\/www.europesays.com\/de\/wp-content\/uploads\/2026\/01\/julien-duranville-borussia-dortmund-2025-1763747698-183353.jpg\" title=\"BVB verleiht Duranville bis Saisonende an FC Basel \u2013 Keine Kaufoption\" alt=\"BVB verleiht Duranville bis Saisonende an FC Basel \u2013 Keine Kaufoption\"\/><\/p>\n<p>\n                                       \u00a9IMAGO\n                                    <\/p>\n<p>Linksau\u00dfen <a title=\"Julien Duranville\" href=\"https:\/\/www.transfermarkt.de\/julien-duranville\/profil\/spieler\/819215\" target=\"_blank\" rel=\"nofollow noopener\">Julien Duranville<\/a> wechselt per Leihe von <a title=\"Borussia Dortmund\" href=\"https:\/\/www.transfermarkt.de\/borussia-dortmund\/startseite\/verein\/16\" target=\"_blank\" rel=\"nofollow noopener\">Borussia Dortmund<\/a> zum <a title=\"FC Basel 1893\" href=\"https:\/\/www.transfermarkt.de\/fc-basel-1893\/startseite\/verein\/26\" target=\"_blank\" rel=\"nofollow noopener\">FC Basel<\/a> in die Schweiz. Beide Klubs best\u00e4tigten den bis Saisonende laufenden Deal am Donnerstagabend, eine Kaufoption ist Berichten zufolge nicht inkludiert. Auf diese soll der FCB aber lange bestanden haben, weswegen nach einer anderen L\u00f6sung gesucht wurde. Diese sieht laut \u201eSky\u201c vor, dass Basel an einem zuk\u00fcnftigen Verkauf erheblich beteiligt wird.<\/p>\n<p><\/p>\n<p>\u201eJulien ist schon seit drei Jahren bei uns in Dortmund, aber immer noch ein sehr junger Spieler, in dem wir weiterhin gro\u00dfes Potenzial sehen. Unter anderem aufgrund von Verletzungen konnte er zuletzt sein Talent und seine F\u00e4higkeiten jedoch nicht in dem Ma\u00dfe zeigen, wie wir es uns gew\u00fcnscht h\u00e4tten. Der Wechsel zum FC Basel gibt ihm nun die M\u00f6glichkeit, regelm\u00e4\u00dfig Spielpraxis zu sammeln und sich weiterzuentwickeln. Wir sind \u00fcberzeugt, dass dieser Schritt f\u00fcr seine weitere Perspektive hier beim BVB der richtige ist. F\u00fcr seine Zeit in Basel w\u00fcnschen wir ihm viel Erfolg\u201c, erkl\u00e4rte Dortmunds Sportdirektor <a title=\"Sebastian Kehl\" href=\"https:\/\/www.transfermarkt.de\/sebastian-kehl\/profil\/trainer\/59919\" target=\"_blank\" rel=\"nofollow noopener\">Sebastian Kehl<\/a>.<\/p>\n<p><\/p>\n<p>Duranville erg\u00e4nzte: \u201eIch freue mich sehr, dass die Leihe zum FC Basel geklappt hat. Nach einem Gespr\u00e4ch mit Sportdirektor <a title=\"Daniel Stucki\" href=\"https:\/\/www.transfermarkt.de\/daniel-stucki\/profil\/trainer\/62587\" target=\"_blank\" rel=\"nofollow noopener\">Daniel Stucki<\/a> und Cheftrainer <a title=\"Ludovic Magnin\" href=\"https:\/\/www.transfermarkt.de\/ludovic-magnin\/profil\/trainer\/27296\" target=\"_blank\" rel=\"nofollow noopener\">Ludovic Magnin<\/a> hatte ich direkt ein sehr gutes Gef\u00fchl und f\u00fcr mich war sehr schnell klar, dass ich diese Leihe unbedingt anstreben m\u00f6chte. Ich habe schon viel geh\u00f6rt von der Stimmung im St. Jakob-Park und freue mich sehr, dass ich bereits morgen zum Team sto\u00dfen werde.\u201c Duranvilles Marktwert war im Saisonverlauf um 1 Million auf 7,5 Millionen Euro gefallen, nachdem er aufgrund einer Schulterverletzung in der ersten Mannschaft der Westfalen nicht mehr zum Zug gekommen war. <a href=\"https:\/\/www.transfermarkt.de\/super-league\/marktwerte\/wettbewerb\/C1\/plus\/\/galerie\/0?pos=&amp;detailpos=&amp;altersklasse=u20&amp;land_id=0\" target=\"_blank\" rel=\"nofollow noopener\">In der Schweizer Liga ist er f\u00fcrs Erste der wertvollste Teenager<\/a>.<\/p>\n<p><\/p>\n<p>Basels Sportdirektor Stucki sate: \u201eWir sind sehr froh, dass wir Julien von einer Leihe in Basel \u00fcberzeugen konnten, denn es ist nicht selbstverst\u00e4ndlich, dass ein solcher Spieler von einem Top-Klub wie Dortmund in die Schweiz wechselt. Er ist ein sehr dribbelstarker, explosiver Fl\u00fcgelspieler, der bei Anderlecht hervorragend ausgebildet wurde. Bei Borussia Dortmund hatte er aufgrund einer Schulterverletzung zuletzt wenig Spielzeit und eben diese kann er bei uns nun aber bekommen. F\u00fcr einen jungen Spieler ist Spielpraxis auf h\u00f6chstem Niveau entscheidend, um danach bei einem Top-Klub den n\u00e4chsten Schritt zu machen. Wir sind \u00fcberzeugt, dass Julien uns von Anfang an helfen wird, im besten Fall bereits am Sonntag gegen den FC Z\u00fcrich.\u201c<\/p>\n<p><\/p>\n","protected":false},"excerpt":{"rendered":"Mit Weiterverkaufsbeteiligung\u00a0 \u00a9IMAGO Linksau\u00dfen Julien Duranville wechselt per Leihe von Borussia Dortmund zum FC Basel in die Schweiz.&hellip;\n","protected":false},"author":2,"featured_media":730969,"comment_status":"","ping_status":"","sticky":false,"template":"","format":"standard","meta":{"footnotes":"","_share_on_mastodon":"0"},"categories":[136],"tags":[888,299,29,94772,30,11572,265,64942],"class_list":["post-738741","post","type-post","status-publish","format-standard","has-post-thumbnail","category-sport","tag-borussia-dortmund","tag-bundesliga","tag-deutschland","tag-fc-basel-1893","tag-germany","tag-julien-duranville","tag-sport","tag-super-league"],"share_on_mastodon":{"url":"https:\/\/pubeurope.com\/@de\/115940256984043298","error":""},"_links":{"self":[{"href":"https:\/\/www.europesays.com\/de\/wp-json\/wp\/v2\/posts\/738741","targetHints":{"allow":["GET"]}}],"collection":[{"href":"https:\/\/www.europesays.com\/de\/wp-json\/wp\/v2\/posts"}],"about":[{"href":"https:\/\/www.europesays.com\/de\/wp-json\/wp\/v2\/types\/post"}],"author":[{"embeddable":true,"href":"https:\/\/www.europesays.com\/de\/wp-json\/wp\/v2\/users\/2"}],"replies":[{"embeddable":true,"href":"https:\/\/www.europesays.com\/de\/wp-json\/wp\/v2\/comments?post=738741"}],"version-history":[{"count":0,"href":"https:\/\/www.europesays.com\/de\/wp-json\/wp\/v2\/posts\/738741\/revisions"}],"wp:featuredmedia":[{"embeddable":true,"href":"https:\/\/www.europesays.com\/de\/wp-json\/wp\/v2\/media\/730969"}],"wp:attachment":[{"href":"https:\/\/www.europesays.com\/de\/wp-json\/wp\/v2\/media?parent=738741"}],"wp:term":[{"taxonomy":"category","embeddable":true,"href":"https:\/\/www.europesays.com\/de\/wp-json\/wp\/v2\/categories?post=738741"},{"taxonomy":"post_tag","embeddable":true,"href":"https:\/\/www.europesays.com\/de\/wp-json\/wp\/v2\/tags?post=738741"}],"curies":[{"name":"wp","href":"https:\/\/api.w.org\/{rel}","templated":true}]}}