{"id":738753,"date":"2026-01-22T18:57:27","date_gmt":"2026-01-22T18:57:27","guid":{"rendered":"https:\/\/www.europesays.com\/de\/738753\/"},"modified":"2026-01-22T18:57:27","modified_gmt":"2026-01-22T18:57:27","slug":"bahnstrecke-halle-merseburg-nach-kabeldiebstahl-wieder-frei","status":"publish","type":"post","link":"https:\/\/www.europesays.com\/de\/738753\/","title":{"rendered":"Bahnstrecke Halle\u2013Merseburg nach Kabeldiebstahl wieder frei"},"content":{"rendered":"<p class=\"text\">\nNach einem Kabeldiebstahl ist die Bahnstrecke zwischen Halle und Merseburg seit Donnerstagnachmittag wieder befahrbar. Laut Deutscher Bahn wurden die entwendeten Signalkabel ersetzt, sodass Weichen und Signale wieder ordnungsgem\u00e4\u00df funktionieren. Regionalz\u00fcge aus Saalfeld sowie Erfurt\/Eisenach fahren nun wieder durchgehend bis Halle.\n<\/p>\n<p>Polizei ermittelt zu Kabeldiebstahl<\/p>\n<p class=\"text\">\nIm Bahnverkehr zwischen Halle und Th\u00fcringen <a href=\"https:\/\/www.mdr.de\/nachrichten\/sachsen-anhalt\/halle\/audio-bahn-stoerung-100.html\" title=\"Bahn-St\u00f6rung in Sachsen-Anhalt: Kabeldiebstahl sorgt f\u00fcr Ausf\u00e4lle\" rel=\"nofollow noopener\" target=\"_blank\">kam es seit Mittwochmorgen zu erheblichen Beeintr\u00e4chtigungen<\/a>. Grund war ein <a href=\"https:\/\/www.mdr.de\/nachrichten\/deutschland\/panorama\/e-ladesaeulen-diebstahl-sabotage-100.html\" title=\"Diebstahl und Vandalismus: Immer mehr Sch\u00e4den an E-Lades\u00e4ulen\" rel=\"nofollow noopener\" target=\"_blank\">Kabeldiebstahl<\/a> auf der Strecke Halle\u2013Merseburg. Nach Angaben der Deutschen Bahn hatten Unbekannte Signalkabel bei Schkopau entwendet. Infolgedessen standen s\u00e4mtliche Signale auf Rot, eine Durchfahrt war vor\u00fcbergehend nicht m\u00f6glich. Die Bundespolizei ermittelt.\n<\/p>\n<p>Umleitungen durch Kabelklau<\/p>\n<p class=\"text\">\nRegionalz\u00fcge aus Erfurt, Eisenach und Saalfeld endeten in Merseburg und starteten dort in Gegenrichtung. Fahrg\u00e4ste mussten mit Versp\u00e4tungen und l\u00e4ngeren Reisezeiten rechnen. Auch der G\u00fcterverkehr war betroffen und wurde \u00fcber Sangerhausen umgeleitet, wo Lastbeschr\u00e4nkungen und eingleisige Abschnitte die Kapazit\u00e4ten zus\u00e4tzlich begrenzten. Die <a href=\"https:\/\/www.mdr.de\/nachrichten\/deutschland\/panorama\/fahrplan-wechsel-bahn-mehr-verbindungen-sachsen-anhalt-thueringen-100.html\" title=\"Mehr ICEs, ausged\u00fcnnte Verbindungen: Das ist der neue Bahn-Fahrplan\" rel=\"nofollow noopener\" target=\"_blank\">ICE-Strecke<\/a> zwischen Halle und Erfurt war hingegen nicht betroffen. Sie verl\u00e4uft bis Halle-Ammendorf parallel zur lahmgelegten Strecke.<\/p>\n","protected":false},"excerpt":{"rendered":"Nach einem Kabeldiebstahl ist die Bahnstrecke zwischen Halle und Merseburg seit Donnerstagnachmittag wieder befahrbar. Laut Deutscher Bahn wurden&hellip;\n","protected":false},"author":2,"featured_media":738754,"comment_status":"","ping_status":"","sticky":false,"template":"","format":"standard","meta":{"footnotes":"","_share_on_mastodon":"0"},"categories":[1860],"tags":[3364,29,548,663,3934,30,4062,17332,13,27315,152240,81,14,15,6211,17331,860,9286,12,2783],"class_list":["post-738753","post","type-post","status-publish","format-standard","has-post-thumbnail","category-halle-saale","tag-de","tag-deutschland","tag-eu","tag-europa","tag-europe","tag-germany","tag-halle","tag-halle-saale","tag-headlines","tag-kabeldiebstahl","tag-kabelklau","tag-mdr","tag-nachrichten","tag-news","tag-regionalportal","tag-saale","tag-sachsen-anhalt","tag-schienenersatzverkehr","tag-schlagzeilen","tag-signalstoerung"],"share_on_mastodon":{"url":"https:\/\/pubeurope.com\/@de\/115940284796627631","error":""},"_links":{"self":[{"href":"https:\/\/www.europesays.com\/de\/wp-json\/wp\/v2\/posts\/738753","targetHints":{"allow":["GET"]}}],"collection":[{"href":"https:\/\/www.europesays.com\/de\/wp-json\/wp\/v2\/posts"}],"about":[{"href":"https:\/\/www.europesays.com\/de\/wp-json\/wp\/v2\/types\/post"}],"author":[{"embeddable":true,"href":"https:\/\/www.europesays.com\/de\/wp-json\/wp\/v2\/users\/2"}],"replies":[{"embeddable":true,"href":"https:\/\/www.europesays.com\/de\/wp-json\/wp\/v2\/comments?post=738753"}],"version-history":[{"count":0,"href":"https:\/\/www.europesays.com\/de\/wp-json\/wp\/v2\/posts\/738753\/revisions"}],"wp:featuredmedia":[{"embeddable":true,"href":"https:\/\/www.europesays.com\/de\/wp-json\/wp\/v2\/media\/738754"}],"wp:attachment":[{"href":"https:\/\/www.europesays.com\/de\/wp-json\/wp\/v2\/media?parent=738753"}],"wp:term":[{"taxonomy":"category","embeddable":true,"href":"https:\/\/www.europesays.com\/de\/wp-json\/wp\/v2\/categories?post=738753"},{"taxonomy":"post_tag","embeddable":true,"href":"https:\/\/www.europesays.com\/de\/wp-json\/wp\/v2\/tags?post=738753"}],"curies":[{"name":"wp","href":"https:\/\/api.w.org\/{rel}","templated":true}]}}