{"id":738770,"date":"2026-01-22T19:06:05","date_gmt":"2026-01-22T19:06:05","guid":{"rendered":"https:\/\/www.europesays.com\/de\/738770\/"},"modified":"2026-01-22T19:06:05","modified_gmt":"2026-01-22T19:06:05","slug":"unbekannte-stehlen-werkzeug-aus-auto-mannheim","status":"publish","type":"post","link":"https:\/\/www.europesays.com\/de\/738770\/","title":{"rendered":"Unbekannte stehlen Werkzeug aus Auto &#8211; Mannheim"},"content":{"rendered":"<p><b\/> Werkzeug ist in der Nacht  auf Mittwoch  aus einem <a class=\"rtr-entity\" data-rtr-entity=\"Adam Opel\" data-rtr-id=\"f06652428dfbb33046d390d465a435dbf0a6f007\" data-rtr-score=\"27.035175879396988\" data-rtr-etype=\"organisation\" data-rtr-index=\"8\" href=\"https:\/\/www.rheinpfalz.de\/themen\/adam-opel?utm_source=rheinpfalz.de&amp;utm_medium=tms&amp;utm_campaign=intext\" rel=\"nofollow noopener\" target=\"_blank\">Opel<\/a>  im Mannheimer Stadtteil <a class=\"rtr-entity\" data-rtr-entity=\"Waldhof\" data-rtr-id=\"1a3016d0cc64004e3b21b8ea8c213eaaa9806271\" data-rtr-score=\"6.381909547738694\" data-rtr-etype=\"location\" data-rtr-index=\"5\" href=\"https:\/\/www.rheinpfalz.de\/themen\/waldhof?utm_source=rheinpfalz.de&amp;utm_medium=tms&amp;utm_campaign=intext\" rel=\"nofollow noopener\" target=\"_blank\">Waldhof<\/a> gestohlen worden. Der Besitzer parkte den Opel am Dienstag gegen 19 Uhr in der Hubenstra\u00dfe und stellte bei seiner R\u00fcckkehr am Mittwoch gegen 6.45 Uhr fest, dass die Schiebet\u00fcr des Autos mit einem unbekannten Werkzeug ge\u00f6ffnet worden war und mehrere Bohrmaschinen aus dem Innenraum entwendet wurden, berichtet die Polizei. Die H\u00f6he des Schadens ist noch unklar. Das Polizeirevier Mannheim-Sandhofen hat die Ermittlungen  aufgenommen. Zeugen k\u00f6nnen ich unter der  Telefonnummer 0621 777690 melden. <\/p>\n<p><b\/> Werkzeug ist in der Nacht  auf Mittwoch  aus einem <a class=\"rtr-entity\" data-rtr-entity=\"Adam Opel\" data-rtr-id=\"f06652428dfbb33046d390d465a435dbf0a6f007\" data-rtr-score=\"27.035175879396988\" data-rtr-etype=\"organisation\" data-rtr-index=\"8\" href=\"https:\/\/www.rheinpfalz.de\/themen\/adam-opel?utm_source=rheinpfalz.de&amp;utm_medium=tms&amp;utm_campaign=intext\" rel=\"nofollow noopener\" target=\"_blank\">Opel<\/a>  im Mannheimer Stadtteil <a class=\"rtr-entity\" data-rtr-entity=\"Waldhof\" data-rtr-id=\"1a3016d0cc64004e3b21b8ea8c213eaaa9806271\" data-rtr-score=\"6.381909547738694\" data-rtr-etype=\"location\" data-rtr-index=\"5\" href=\"https:\/\/www.rheinpfalz.de\/themen\/waldhof?utm_source=rheinpfalz.de&amp;utm_medium=tms&amp;utm_campaign=intext\" rel=\"nofollow noopener\" target=\"_blank\">Waldhof<\/a> gestohlen worden. Der Besitzer parkte den Opel am Dienstag gegen 19 Uhr in der Hubenstra\u00dfe und stellte bei seiner R\u00fcckkehr am Mittwoch gegen 6.45 Uhr fest, dass die Schiebet\u00fcr des Autos mit einem unbekannten Werkzeug ge\u00f6ffnet worden war und mehrere Bohrmaschinen aus dem Innenraum entwendet wurden, berichtet die Polizei. Die H\u00f6he des Schadens ist noch unklar. Das Polizeirevier Mannheim-Sandhofen hat die Ermittlungen  aufgenommen. Zeugen k\u00f6nnen ich unter der  Telefonnummer 0621 777690 melden. <\/p>\n","protected":false},"excerpt":{"rendered":"Werkzeug ist in der Nacht auf Mittwoch aus einem Opel im Mannheimer Stadtteil Waldhof gestohlen worden. Der Besitzer&hellip;\n","protected":false},"author":2,"featured_media":738771,"comment_status":"","ping_status":"","sticky":false,"template":"","format":"standard","meta":{"footnotes":"","_share_on_mastodon":"0"},"categories":[1845],"tags":[118105,1634,3364,29,548,663,3934,30,13,4060,2096,14,15,12,23297,48437],"class_list":["post-738770","post","type-post","status-publish","format-standard","has-post-thumbnail","category-mannheim","tag-adam-opel","tag-baden-wuerttemberg","tag-de","tag-deutschland","tag-eu","tag-europa","tag-europe","tag-germany","tag-headlines","tag-lokal","tag-mannheim","tag-nachrichten","tag-news","tag-schlagzeilen","tag-waldhof","tag-werkzeug"],"share_on_mastodon":{"url":"https:\/\/pubeurope.com\/@de\/115940319839790612","error":""},"_links":{"self":[{"href":"https:\/\/www.europesays.com\/de\/wp-json\/wp\/v2\/posts\/738770","targetHints":{"allow":["GET"]}}],"collection":[{"href":"https:\/\/www.europesays.com\/de\/wp-json\/wp\/v2\/posts"}],"about":[{"href":"https:\/\/www.europesays.com\/de\/wp-json\/wp\/v2\/types\/post"}],"author":[{"embeddable":true,"href":"https:\/\/www.europesays.com\/de\/wp-json\/wp\/v2\/users\/2"}],"replies":[{"embeddable":true,"href":"https:\/\/www.europesays.com\/de\/wp-json\/wp\/v2\/comments?post=738770"}],"version-history":[{"count":0,"href":"https:\/\/www.europesays.com\/de\/wp-json\/wp\/v2\/posts\/738770\/revisions"}],"wp:featuredmedia":[{"embeddable":true,"href":"https:\/\/www.europesays.com\/de\/wp-json\/wp\/v2\/media\/738771"}],"wp:attachment":[{"href":"https:\/\/www.europesays.com\/de\/wp-json\/wp\/v2\/media?parent=738770"}],"wp:term":[{"taxonomy":"category","embeddable":true,"href":"https:\/\/www.europesays.com\/de\/wp-json\/wp\/v2\/categories?post=738770"},{"taxonomy":"post_tag","embeddable":true,"href":"https:\/\/www.europesays.com\/de\/wp-json\/wp\/v2\/tags?post=738770"}],"curies":[{"name":"wp","href":"https:\/\/api.w.org\/{rel}","templated":true}]}}