{"id":738883,"date":"2026-01-22T20:08:14","date_gmt":"2026-01-22T20:08:14","guid":{"rendered":"https:\/\/www.europesays.com\/de\/738883\/"},"modified":"2026-01-22T20:08:14","modified_gmt":"2026-01-22T20:08:14","slug":"star-wars-maul-shadow-lord-trailer-und-termin-fuer-das-duestere-animations-epos","status":"publish","type":"post","link":"https:\/\/www.europesays.com\/de\/738883\/","title":{"rendered":"Star Wars Maul &#8211; Shadow Lord: Trailer und Termin f\u00fcr das d\u00fcstere Animations-Epos &#8211;"},"content":{"rendered":"<p class=\"intro-text\">Nachdem \u201eStar Wars: Maul &#8211; Shadow Lord\u201c im Rahmen der letztj\u00e4hrigen \u201eStar Wars\u201c-Celebration angek\u00fcndigt wurde, l\u00fcftete Lucasfilm jetzt den Vorhang und ver\u00f6ffentlichte den ersten Trailer zur Animationsserie. Obendrein wurde auch der Release-Termin best\u00e4tigt.<br \/>&#13;\n<\/p>\n<p>W\u00e4hrend sich <strong><a href=\"https:\/\/www.play3.de\/tag\/star-wars\/\" rel=\"nofollow noopener\" target=\"_blank\">\u201eStar Wars\u201c<\/a><\/strong>-Fans zuk\u00fcnftig wohl auf einige \u00c4nderungen einstellen m\u00fcssen, nachdem Lucasfilm-Pr\u00e4sidentin Kathleen Kennedy <strong><a href=\"https:\/\/www.play3.de\/2026\/01\/16\/star-wars-kennedy-tritt-zurueck-und-liefert-updates-zu-gleich-6-geplanten-film-blockbustern\/\" rel=\"nofollow noopener\" target=\"_blank\">abgetreten<\/a><\/strong> ist und den Stab an Dave Filoni weitergereicht hat, steht bereits die n\u00e4chste Serie in den Startl\u00f6chern.<\/p>\n<p>Mit \u201eStar Wars: Maul \u2013 Shadow Lord\u201c bekommt einer der beliebtesten Antagonisten des Franchise seine eigene B\u00fchne. Und nachdem die Ank\u00fcndigung der d\u00fcsteren Animationsserie bereits im vergangenen Jahr erfolgte, pr\u00e4sentierte Lucasfilm heute endlich den ersten Trailer und best\u00e4tigte dar\u00fcber hinaus auch den offiziellen Release-Termin.<\/p>\n<p>Der Aufstieg von Crimson Dawn<\/p>\n<p>\u201eStar Wars: Maul \u2013 Shadow Lord\u201c spielt in den fr\u00fchen Jahren der Herrschaft von Kaiser Palpatine und r\u00fcckt Maul in den Mittelpunkt, nachdem er von seinem ehemaligen Meister Darth Sidious versto\u00dfen wurde und nun versucht, sein eigenes kriminelles Imperium aufzubauen.<\/p>\n<p>Als Schauplatz daf\u00fcr dient der neue Planet Janix, zu dem der Trailer einen ersten Vorgeschmack liefert: eine d\u00fcstere Welt, die laut den Produzenten an eine Mischung aus Gotham City und Metropolis erinnert.<\/p>\n<\/p>\n<p>Zudem ist Janix ein Ort, der vom Imperium bisher unber\u00fchrt blieb und \u00fcber eine eigene funktionierende Demokratie verf\u00fcgt. Somit bildet der Planet den perfekten \u201efruchtbaren Boden f\u00fcr Gangster\u201c, auf dem Maul das Syndikat Crimson Dawn zu neuer Macht f\u00fchren. Dabei trifft er auf eine desillusionierte junge Jedi-Padawan namens Devon Izara, die er \u2013 nat\u00fcrlich ganz nach Sith-Manier \u2013 zu seiner Sch\u00fclerin formen will.<\/p>\n<p>Ein neuer Stil f\u00fcr eine neue \u00c4ra<\/p>\n<p>Was den Look der Serie betrifft, so gibt es gute Nachrichten f\u00fcr alle Fans von \u201eThe Clone Wars\u201c: Das Team rund um Dave Filoni und Brad Rau hebt den visuellen Stil auf ein neues Level und nutzt klassische Methoden wie matte Malereien auf Leinwand und Pinselstriche auf Glas, um eine besonders k\u00fcnstlerische Atmosph\u00e4re zu schaffen.<\/p>\n<p>Au\u00dferdem wurden auch die Animationen deutlich verbessert, sodass sowohl Mimik als auch die Kampfchoreografien deutlich geschmeidiger wirken sollen als in bisherigen Projekten. Das Ziel: Ein \u201emalerischer\u201c, fast schon handgemachter Look, der die schmutzige Atmosph\u00e4re der Unterwelt perfekt einfangen soll.<\/p>\n<p>Und auch f\u00fcr O-Ton-Fans gibt es erfreuliche Nachrichten, denn: Kein Maul ohne Sam Witwer. Der Schauspieler, der die Figur bereits in \u201eThe Clone Wars\u201c und \u201eRebels\u201c verk\u00f6rperte, kehrt auch f\u00fcr \u201eMaul \u2013 Shadow Lord\u201c in der Hauptrolle zur\u00fcck. Obendrein war Witwer laut Lucasfilm eng in die Entwicklung der Story eingebunden, um die Authentizit\u00e4t des Charakters zu wahren.<\/p>\n<p>                    <a href=\"https:\/\/www.play3.de\/2025\/11\/27\/star-wars-starfighter-regisseur-shawn-levy-ueberrascht-mit-hauptinspiration-fuer-ryan-goslings-sternen-abenteuer\/\" title=\"Star Wars Starfighter: Regisseur Shawn Levy \u00fcberrascht mit Hauptinspiration f\u00fcr Ryan Goslings Sternen-Abenteuer\" rel=\"nofollow noopener\" target=\"_blank\"><\/p>\n<p>                <img decoding=\"async\" src=\"data:image\/svg+xml,%3Csvg%20xmlns=\" http:=\"\" class=\"img-fluid media-image\" alt=\"Star Wars Starfighter: Regisseur Shawn Levy \u00fcberrascht mit Hauptinspiration f\u00fcr Ryan Goslings Sternen-Abenteuer\" data-lazy-src=\"https:\/\/www.europesays.com\/de\/wp-content\/uploads\/2026\/01\/Star-Wars-Starfighter-Shawn-Levy-Kinofilm-Inspiration-Return-Empire-Jedi-Beitragsbild-300x169.jpg\"\/><\/p>\n<p>        <\/a><\/p>\n<p>Los geht es mit \u201eStar Wars: Maul \u2013 Shadow Lord\u201c bereits am 6. April 2026. An diesem Tag startet die Serie mit einer Doppelfolge auf Disney+. Danach geht es dann im w\u00f6chentlichen Rhythmus mit je zwei Folgen weiter, bis das gro\u00dfe Finale p\u00fcnktlich zum \u201eStar Wars\u201c-Day am 4. Mai steigt.<\/p>\n<p><img decoding=\"async\" class=\"wp-worthy-pixel-img skip-lazy \" src=\"https:\/\/www.europesays.com\/de\/wp-content\/uploads\/2026\/01\/64a3e150193e4e4ab955f48989f4edaf.gif\" loading=\"eager\" data-no-lazy=\"1\" data-skip-lazy=\"1\" alt=\"\"\/>                                <\/p>\n<p>                    <a href=\"https:\/\/www.play3.de\" class=\"home\" rel=\"nofollow noopener\" target=\"_blank\">Startseite<\/a><br \/>\n                    <a href=\"https:\/\/www.play3.de\/forum\/\" class=\"forum\" rel=\"nofollow noopener\" target=\"_blank\">Im Forum diskutieren<\/a><\/p>\n<p> Bei Links zu Amazon, Media Markt, Saturn und einigen anderen H\u00e4ndlern handelt es sich in der Regel um Affiliate-Links. Bei einem Einkauf erhalten wir eine kleine Provision, mit der wir die kostenlos nutzbare Seite finanzieren k\u00f6nnen. Ihr habt dabei keine Nachteile.<\/p>\n","protected":false},"excerpt":{"rendered":"Nachdem \u201eStar Wars: Maul &#8211; Shadow Lord\u201c im Rahmen der letztj\u00e4hrigen \u201eStar Wars\u201c-Celebration angek\u00fcndigt wurde, l\u00fcftete Lucasfilm jetzt&hellip;\n","protected":false},"author":2,"featured_media":738884,"comment_status":"","ping_status":"","sticky":false,"template":"","format":"standard","meta":{"footnotes":"","_share_on_mastodon":"0"},"categories":[1771],"tags":[1778,29,28393,214,30,95,1777,2890,215],"class_list":["post-738883","post","type-post","status-publish","format-standard","has-post-thumbnail","category-kino","tag-cinema","tag-deutschland","tag-disney-plus","tag-entertainment","tag-germany","tag-kino","tag-movie","tag-star-wars","tag-unterhaltung"],"share_on_mastodon":{"url":"https:\/\/pubeurope.com\/@de\/115940563641291022","error":""},"_links":{"self":[{"href":"https:\/\/www.europesays.com\/de\/wp-json\/wp\/v2\/posts\/738883","targetHints":{"allow":["GET"]}}],"collection":[{"href":"https:\/\/www.europesays.com\/de\/wp-json\/wp\/v2\/posts"}],"about":[{"href":"https:\/\/www.europesays.com\/de\/wp-json\/wp\/v2\/types\/post"}],"author":[{"embeddable":true,"href":"https:\/\/www.europesays.com\/de\/wp-json\/wp\/v2\/users\/2"}],"replies":[{"embeddable":true,"href":"https:\/\/www.europesays.com\/de\/wp-json\/wp\/v2\/comments?post=738883"}],"version-history":[{"count":0,"href":"https:\/\/www.europesays.com\/de\/wp-json\/wp\/v2\/posts\/738883\/revisions"}],"wp:featuredmedia":[{"embeddable":true,"href":"https:\/\/www.europesays.com\/de\/wp-json\/wp\/v2\/media\/738884"}],"wp:attachment":[{"href":"https:\/\/www.europesays.com\/de\/wp-json\/wp\/v2\/media?parent=738883"}],"wp:term":[{"taxonomy":"category","embeddable":true,"href":"https:\/\/www.europesays.com\/de\/wp-json\/wp\/v2\/categories?post=738883"},{"taxonomy":"post_tag","embeddable":true,"href":"https:\/\/www.europesays.com\/de\/wp-json\/wp\/v2\/tags?post=738883"}],"curies":[{"name":"wp","href":"https:\/\/api.w.org\/{rel}","templated":true}]}}