{"id":739024,"date":"2026-01-22T21:25:15","date_gmt":"2026-01-22T21:25:15","guid":{"rendered":"https:\/\/www.europesays.com\/de\/739024\/"},"modified":"2026-01-22T21:25:15","modified_gmt":"2026-01-22T21:25:15","slug":"musikpreis-in-berlin-artist-celebration-night-erfolge-hierzulande-verdienen-sichtbarkeit-leadersnet","status":"publish","type":"post","link":"https:\/\/www.europesays.com\/de\/739024\/","title":{"rendered":"Musikpreis in Berlin &#8211; Artist Celebration Night: &#8222;Erfolge hierzulande verdienen Sichtbarkeit&#8220; \u00bb Leadersnet"},"content":{"rendered":"<p>\n\t\t\t|\u00a0Redaktion\u00a0\n\t\t<\/p>\n<p>\n\t\t|<br \/>\n\t\t\t\t\t22.01.2026\t\t\t<\/p>\n<p>Mit der &#8222;Artist Celebration Night&#8220; hat der Bundesverband Musikindustrie am Mittwoch ein neues Format etabliert, das den kommerziell erfolgreichsten deutschen Acts die geb\u00fchrende Anerkennung und der Branche eine eigene B\u00fchne bieten soll. Auf Basis der Offiziellen Deutschen Charts wurden in der Station Berlin zur Premiere Kontra K, Oimara und Zartmann pr\u00e4miert.<\/p>\n<p>Am Mittwoch fand sich deutsche Musikprominenz erstmals zur &#8222;Artist Celebration Night&#8220; ein \u2013 eine Gala, die sich als neues Branchentreffen zwischen Auszeichnung, Netzwerkpflege und Standortbestimmung versteht.<\/p>\n<p>Im Mittelpunkt sollen hier k\u00fcnftig die erfolgreichsten nationalen K\u00fcnstlerinnen und K\u00fcnstler des Vorjahres stehen, deren Leistungen auf Basis der Offiziellen Deutschen Charts gew\u00fcrdigt wird.<\/p>\n<p>Zur Premiere der Veranstaltung lie\u00dfen sich rund 280 geladene G\u00e4ste in der Station Berlin blicken, wobei neben Vertretern der Musikbranche auch Pers\u00f6nlichkeiten aus Politik, Kultur und anderen Mediensparten ihr Interesse zeigten.<\/p>\n<p><b>BVMI bittet nach Berlin<\/b><\/p>\n<p>Als Ausrichter der &#8222;Artist Celebration Night&#8220; fungiert der Bundesverband Musikindustrie (BVMI), die zentrale Interessenvertretung der deutschen Musikindustrie.<\/p>\n<p>Im Tagesgesch\u00e4ft b\u00fcndelt der Verband die Belange von Labels und Musikunternehmen, verantwortet gemeinsam mit GfK Entertainment die Ermittlung der Charts, ist Tr\u00e4ger der Gold- und Platin-Auszeichnungen und dient au\u00dferdem als politisches Branchensprachrohr gegen\u00fcber Gesetzgebern, Medien und \u00d6ffentlichkeit.<\/p>\n<p><img loading=\"lazy\" decoding=\"async\" title=\"Mark Forster und Giovanni Zarella (Bild: Brauer Photos \/ F. Seidel)\" alt=\"Mark Forster und Giovanni Zarella (Bild: Brauer Photos \/ F. Seidel)\" src=\"https:\/\/www.europesays.com\/de\/wp-content\/uploads\/2026\/01\/acn2607-c-brauerphotos.jpg\" height=\"520\" width=\"800\"\/><br \/>Mark Forster und Giovanni Zarella (Bild:\u00a0Brauer Photos \/ F. Seidel)<\/p>\n<p>&#8222;Deutschland ist einer der gr\u00f6\u00dften Musikm\u00e4rkte der Welt und Erfolge hierzulande verdienen Sichtbarkeit&#8220;, bekr\u00e4ftigt <b>Dr. Florian Dr\u00fccke<\/b>, Vorstandsvorsitzender des Bundesverband Musikindustrie.<\/p>\n<p>&#8222;Die Artist Celebration Night ist aus einem klaren Bed\u00fcrfnis unserer Mitglieder entstanden: Leistungen zu w\u00fcrdigen, gemeinsame Erfolge zu zelebrieren und der Musikbranche eine B\u00fchne zu geben. Wenn die Branche es tr\u00e4gt, kann daraus Schritt f\u00fcr Schritt etwas Neues werden&#8220;, so Dr\u00fccke weiter.<\/p>\n<p><b>Drei Preise zur Premiere<\/b><\/p>\n<p>Drei Preise wurden zur Premiere vergeben: Der im letzten Herbst auch schon mit einem <a href=\"https:\/\/www.leadersnet.de\/news\/94863,bambi-2025-klum-kuesst-blanchett-mahnt-cher-inspiriert.html\" target=\"_blank\" rel=\"noopener\">Bambi<\/a> und mehreren <a href=\"https:\/\/www.leadersnet.de\/news\/95551,1live-kronen-fuer-nina-chuba-zartmann-ikkimel-und-provinz.html\" target=\"_blank\" rel=\"noopener\">1Live Kronen<\/a> ausgezeichnete Zartmann ist &#8222;Domestic Newcomer of the Year&#8220;, woran unter anderem der Nummer-Eins-Hit &#8222;Tau mich auf&#8220; und insgesamt \u00fcber 600 Millionen Streams beigetragen haben.<\/p>\n<blockquote class=\"instagram-media\" style=\"background: #FFF; border: 0; border-radius: 3px; box-shadow: 0 0 1px 0 rgba(0,0,0,0.5),0 1px 10px 0 rgba(0,0,0,0.15); margin: 1px; max-width: 540px; min-width: 326px; padding: 0; width: calc(100% - 2px);\" data-instgrm-permalink=\"https:\/\/www.instagram.com\/p\/DTyosoqiO7F\/?utm_source=ig_embed&amp;utm_campaign=loading\" data-instgrm-version=\"14\">\n<\/blockquote>\n<p>Die &#8222;Domestic Single of the Year&#8220; kommt dennoch von Oimara: &#8222;Wackelkontakt&#8220; konnte sich wie schon bei den <a href=\"https:\/\/www.leadersnet.de\/news\/95249,ayliva-legt-artist-of-the-year-hattrick-hin-scooter-als.html\" target=\"_blank\" rel=\"noopener\">YouTube-Awards<\/a> im November in der Song-Kategorie behaupten.<\/p>\n<p>Als wir uns im Dezember wiederum mit den <a href=\"https:\/\/www.leadersnet.de\/news\/95599,die-erfolgreichsten-alben-und-singles-in-deutschland-2025.html\" target=\"_blank\" rel=\"noopener\">erfolgreichsten Alben und Singles in Deutschland 2025<\/a> befasst haben, kristallisierte sich Kontra K mit &#8222;Augen tr\u00e4umen Herzen sehen&#8220; als gefragteste Platte eines deutschsprachigen Interpreten heraus \u2013 und so wurde der Rapper in Berlin als Gewinner in der Kategorie &#8222;Domestic Album of the Year&#8220; gek\u00fcrt.<\/p>\n<p>Neben den Preistr\u00e4gern waren mit Nico Santos, Sarah Connor, Rolf Zuckowski, Peter Schilling, Giovanni Zarrella, Luciano, Rea Garvey, Zah1de, Till Br\u00f6nner, Mark Forster, Badm\u00f3mzjay, Thomas Anders, Marian Gold oder Paula Hartmann mehrere Generationen deutsche Musikbranche dabei; einige weitere Eindr\u00fccke und prominente G\u00e4ste teilt der obige Artikelslider.<\/p>\n<p>\t<script async src=\"\/\/www.instagram.com\/embed.js\"><\/script><\/p>\n","protected":false},"excerpt":{"rendered":"|\u00a0Redaktion\u00a0 | 22.01.2026 Mit der &#8222;Artist Celebration Night&#8220; hat der Bundesverband Musikindustrie am Mittwoch ein neues Format etabliert,&hellip;\n","protected":false},"author":2,"featured_media":739025,"comment_status":"","ping_status":"","sticky":false,"template":"","format":"standard","meta":{"footnotes":""},"categories":[1825],"tags":[18980,169314,296,169315,169316,75769,29,169318,169319,30,15280,810,51750,149898,8718,6003,169317,6342],"class_list":{"0":"post-739024","1":"post","2":"type-post","3":"status-publish","4":"format-standard","5":"has-post-thumbnail","7":"category-berlin","8":"tag-award","9":"tag-artist-celebration-night","10":"tag-berlin","11":"tag-bundesverband-musikindustrie","12":"tag-bvmi","13":"tag-debuet","14":"tag-deutschland","15":"tag-erfolgreichste-kuenstler","16":"tag-florian-druecke","17":"tag-germany","18":"tag-kontra-k","19":"tag-musik","20":"tag-musikbranche","21":"tag-oimara","22":"tag-preisverleihung","23":"tag-premiere","24":"tag-station-berlin","25":"tag-zartmann"},"share_on_mastodon":{"url":"https:\/\/pubeurope.com\/@de\/115940866472174662","error":""},"_links":{"self":[{"href":"https:\/\/www.europesays.com\/de\/wp-json\/wp\/v2\/posts\/739024","targetHints":{"allow":["GET"]}}],"collection":[{"href":"https:\/\/www.europesays.com\/de\/wp-json\/wp\/v2\/posts"}],"about":[{"href":"https:\/\/www.europesays.com\/de\/wp-json\/wp\/v2\/types\/post"}],"author":[{"embeddable":true,"href":"https:\/\/www.europesays.com\/de\/wp-json\/wp\/v2\/users\/2"}],"replies":[{"embeddable":true,"href":"https:\/\/www.europesays.com\/de\/wp-json\/wp\/v2\/comments?post=739024"}],"version-history":[{"count":0,"href":"https:\/\/www.europesays.com\/de\/wp-json\/wp\/v2\/posts\/739024\/revisions"}],"wp:featuredmedia":[{"embeddable":true,"href":"https:\/\/www.europesays.com\/de\/wp-json\/wp\/v2\/media\/739025"}],"wp:attachment":[{"href":"https:\/\/www.europesays.com\/de\/wp-json\/wp\/v2\/media?parent=739024"}],"wp:term":[{"taxonomy":"category","embeddable":true,"href":"https:\/\/www.europesays.com\/de\/wp-json\/wp\/v2\/categories?post=739024"},{"taxonomy":"post_tag","embeddable":true,"href":"https:\/\/www.europesays.com\/de\/wp-json\/wp\/v2\/tags?post=739024"}],"curies":[{"name":"wp","href":"https:\/\/api.w.org\/{rel}","templated":true}]}}