{"id":739078,"date":"2026-01-22T21:55:16","date_gmt":"2026-01-22T21:55:16","guid":{"rendered":"https:\/\/www.europesays.com\/de\/739078\/"},"modified":"2026-01-22T21:55:16","modified_gmt":"2026-01-22T21:55:16","slug":"preussen-muenster-soll-an-imad-rondic-interessiert-sein","status":"publish","type":"post","link":"https:\/\/www.europesays.com\/de\/739078\/","title":{"rendered":"Preu\u00dfen M\u00fcnster soll an Imad Rondic interessiert sein"},"content":{"rendered":"<p>Kehrt der Angreifer in diesem Winter bereits wieder zur\u00fcck nach Deutschland? M\u00f6glicherweise steht eine L\u00f6sung an f\u00fcr den St\u00fcrmer des 1. FC K\u00f6ln: Preu\u00dfen M\u00fcnster soll an Imad Rondic interessiert sein.<\/p>\n<p>Das letzte Kapitel war in der Tat kein besonders gutes. Der St\u00fcrmer war in die Reserve von Rakow Czestochowa versetzt worden. M\u00f6glicherweise bahnt sich aber eine Option an f\u00fcr den Leihspieler des 1. FC K\u00f6ln: Preu\u00dfen M\u00fcnster soll an Imad Rondic interessiert sein. Auch ein englischer Club ist im Gespr\u00e4ch.<\/p>\n<p><a href=\"https:\/\/www.europesays.com\/de\/wp-content\/uploads\/2026\/01\/imad-rondic-koeln.jpg\"><img loading=\"lazy\" decoding=\"async\" width=\"1600\" height=\"1200\" data-id=\"66636\" src=\"https:\/\/www.europesays.com\/de\/wp-content\/uploads\/2026\/01\/imad-rondic-koeln.jpg\" alt=\"Imad Rondic w\u00fcrde gerne wieder in Deutschland spielen\" class=\"wp-image-66636\"  \/><\/a>Imad Rondic w\u00fcrde gerne wieder in Deutschland spielen<\/p>\n<p>Wir wollen weiter wachsen. Folgt uns auf\u00a0<a href=\"https:\/\/www.instagram.com\/comeonfccom\/\" rel=\"nofollow noopener\" target=\"_blank\">Instagram<\/a>\u00a0und\u00a0<a href=\"http:\/\/www.facebook.com\/comeonfccom\" rel=\"nofollow noopener\" target=\"_blank\">Facebook<\/a>. Unter den ersten 5000 Instagram Followern verlost come-on-fc.com einen Gutschein im Wert von 50 Euro f\u00fcr den FC Fanshop. ** Zu den\u00a0<a href=\"https:\/\/come-on-fc.com\/datenschutzerklaerung\/\" rel=\"nofollow noopener\" target=\"_blank\">Teilnahmebedingungen<\/a>.<\/p>\n<p><img decoding=\"async\" style=\"width: 15px;\" src=\"https:\/\/www.europesays.com\/de\/wp-content\/uploads\/2025\/04\/whatsapp-logo.webp.webp\" alt=\"\"\/>\u00a0Ihr wollt immer aktuell informiert sein? Folgt unserem WhatsApp-Kanal\u00a0<a href=\"https:\/\/whatsapp.com\/channel\/0029VaCxFqM8vd1GzNMmCM2w\" rel=\"nofollow noopener\" target=\"_blank\">hier<\/a><\/p>\n<p> <img loading=\"lazy\" decoding=\"async\" src=\"https:\/\/www.europesays.com\/de\/wp-content\/uploads\/2026\/01\/392fd4e6460448c9bfcf28bf1a2d1db2.gif\" width=\"1\" height=\"1\" alt=\"\"\/>Teil\u2019 diesen Beitrag mit deinen Freunden:<\/p>\n<p>So richtig gl\u00fccklich verl\u00e4uft die Personalie Imad Rondic f\u00fcr die Gei\u00dfb\u00f6cke wirklich nicht. Kurz vor Toresschluss wurde der Angreifer vor einem knappen Jahr verpflichtet. Beim FC wollte der Durchbruch einfach nicht gelingen. Nach der R\u00fcckrunde stand genau ein Treffer auf dem Konto. Rondic sollte im Sommer in die 2. Bundesliga verliehen werden, der Deal platzte. Es folgte die Leihe nach Polen, doch auch dort ist man nicht so wirklich gl\u00fccklich. Rondic funktioniert nicht. Und so wurde der St\u00fcrmer k\u00fcrzlich in die Reserve versetzt. Das Zeichen ist klar, der Bosnier soll kein Spiel mehr f\u00fcr den polnischen Erstligisten bestreiten. Und so wird nach einer anderen L\u00f6sung gesucht.<\/p>\n<p>Situation f\u00fcr drei Parteien nicht einfach<\/p>\n<p>Die k\u00f6nnte nun tats\u00e4chlich in die 2. Bundesliga f\u00fchren. Wie die \u201eBild\u201c berichtet ist Preu\u00dfen M\u00fcnster an dem St\u00fcrmer interessiert. Das deckt sich mit Informationen von come-on-fc.com Die Adlertr\u00e4ger leiden schon seit einiger Zeit unter Ladehemmungen, erzielten in den vergangenen sieben Pflichtspielen f\u00fcnf Tore. Zu wenig f\u00fcr die Preu\u00dfen um den ehemaligen FC-Akteur und SC-Coach Alexander Ende. Nun k\u00f6nnte Rondic die Antwort auf die Sturmflaute sein. Rondic steht beim FC noch bis zum Sommer 2029 unter Vertrag, geh\u00f6rt dem Vernehmen nach zu den Besserverdienern. Dementsprechend stellt sich die Frage, wie M\u00fcnster den Deal finanzieren will. In K\u00f6ln h\u00e4tte man nichts gegen einen Leihabbruch, wenn Rondic daf\u00fcr bei einem anderen Club unter k\u00e4me.<\/p>\n<p>Generell hatten die K\u00f6lner wohl auf eine erfolgreiche Leihe gehofft, auch um den Markt des Angreifers wieder zu erh\u00f6hen. Ob Preu\u00dfen M\u00fcnster der erhoffte Abnehmer ist, ist allerdings alles andere als sicher. Denn neben M\u00fcnster soll auch der FC Huddersfield an einer Leihe interessiert sein. Das Team aus der Grafschaft Yorkshire ist aktuell Tabellensechster der \u201eLeague One\u201c, der dritten Liga in Gro\u00dfbritannien. Sicher ist, dass sich Huddersfield einen Transfer wohl eher leisten kann, als die Preu\u00dfen. Der Angreifer strebt einen schnellen Wechsel an, die Situation in der Reserve von Rakow Czestochowa ist f\u00fcr den Serben alles andere als erfreulich.<\/p>\n<p><script async src=\"\/\/www.instagram.com\/embed.js\"><\/script><\/p>\n","protected":false},"excerpt":{"rendered":"Kehrt der Angreifer in diesem Winter bereits wieder zur\u00fcck nach Deutschland? M\u00f6glicherweise steht eine L\u00f6sung an f\u00fcr den&hellip;\n","protected":false},"author":2,"featured_media":739079,"comment_status":"","ping_status":"","sticky":false,"template":"","format":"standard","meta":{"footnotes":"","_share_on_mastodon":"0"},"categories":[1843],"tags":[623,25651,30908,30909,169327,31338,76687,3364,29,25655,7579,25656,30,169328,8970,1209],"class_list":["post-739078","post","type-post","status-publish","format-standard","has-post-thumbnail","category-muenster","tag-1-fc-koeln","tag-1-fc-koeln-kader","tag-1-fc-koeln-nachrichten","tag-1-fc-koeln-news","tag-1-fc-koeln-rondic","tag-1-fc-koeln-spieler","tag-1-fc-koeln-transfer","tag-de","tag-deutschland","tag-effzeh","tag-fc","tag-fc-koeln","tag-germany","tag-imad-rondic-tor","tag-muenster","tag-nordrhein-westfalen"],"share_on_mastodon":{"url":"https:\/\/pubeurope.com\/@de\/115940984532182530","error":""},"_links":{"self":[{"href":"https:\/\/www.europesays.com\/de\/wp-json\/wp\/v2\/posts\/739078","targetHints":{"allow":["GET"]}}],"collection":[{"href":"https:\/\/www.europesays.com\/de\/wp-json\/wp\/v2\/posts"}],"about":[{"href":"https:\/\/www.europesays.com\/de\/wp-json\/wp\/v2\/types\/post"}],"author":[{"embeddable":true,"href":"https:\/\/www.europesays.com\/de\/wp-json\/wp\/v2\/users\/2"}],"replies":[{"embeddable":true,"href":"https:\/\/www.europesays.com\/de\/wp-json\/wp\/v2\/comments?post=739078"}],"version-history":[{"count":0,"href":"https:\/\/www.europesays.com\/de\/wp-json\/wp\/v2\/posts\/739078\/revisions"}],"wp:featuredmedia":[{"embeddable":true,"href":"https:\/\/www.europesays.com\/de\/wp-json\/wp\/v2\/media\/739079"}],"wp:attachment":[{"href":"https:\/\/www.europesays.com\/de\/wp-json\/wp\/v2\/media?parent=739078"}],"wp:term":[{"taxonomy":"category","embeddable":true,"href":"https:\/\/www.europesays.com\/de\/wp-json\/wp\/v2\/categories?post=739078"},{"taxonomy":"post_tag","embeddable":true,"href":"https:\/\/www.europesays.com\/de\/wp-json\/wp\/v2\/tags?post=739078"}],"curies":[{"name":"wp","href":"https:\/\/api.w.org\/{rel}","templated":true}]}}