{"id":739226,"date":"2026-01-22T23:21:11","date_gmt":"2026-01-22T23:21:11","guid":{"rendered":"https:\/\/www.europesays.com\/de\/739226\/"},"modified":"2026-01-22T23:21:11","modified_gmt":"2026-01-22T23:21:11","slug":"auto-lag-nach-unfall-in-wuppertal-auf-der-seite","status":"publish","type":"post","link":"https:\/\/www.europesays.com\/de\/739226\/","title":{"rendered":"Auto lag nach Unfall in Wuppertal auf der Seite"},"content":{"rendered":"<p class=\"richtext text-em-55 !leading-serif mx-6 desktop:mx-0\">Nach Angaben der Polizei war am Donnerstagabend gegen 20.15 Uhr eine 48-j\u00e4hrige Mercedesfahrerin auf der D\u00fcsseldorfer Stra\u00dfe stadtw\u00e4rts unterwegs, als sie in H\u00f6he der Krummacher Stra\u00dfe aus bisher ungekl\u00e4rter Ursache nach links von der Fahrbahn abkam. Das Auto prallte dort gegen einen Blumenk\u00fcbel aus Beton, kippte um und blieb auf der Beifahrerseite liegen.<\/p>\n","protected":false},"excerpt":{"rendered":"Nach Angaben der Polizei war am Donnerstagabend gegen 20.15 Uhr eine 48-j\u00e4hrige Mercedesfahrerin auf der D\u00fcsseldorfer Stra\u00dfe stadtw\u00e4rts&hellip;\n","protected":false},"author":2,"featured_media":739227,"comment_status":"","ping_status":"","sticky":false,"template":"","format":"standard","meta":{"footnotes":"","_share_on_mastodon":"0"},"categories":[1840],"tags":[513,110241,3364,29,3679,30,1209,524,1284,4418],"class_list":["post-739226","post","type-post","status-publish","format-standard","has-post-thumbnail","category-wuppertal","tag-auto","tag-befreien","tag-de","tag-deutschland","tag-duesseldorfer","tag-germany","tag-nordrhein-westfalen","tag-strasse","tag-unfall","tag-wuppertal"],"share_on_mastodon":{"url":"https:\/\/pubeurope.com\/@de\/115941322674814405","error":""},"_links":{"self":[{"href":"https:\/\/www.europesays.com\/de\/wp-json\/wp\/v2\/posts\/739226","targetHints":{"allow":["GET"]}}],"collection":[{"href":"https:\/\/www.europesays.com\/de\/wp-json\/wp\/v2\/posts"}],"about":[{"href":"https:\/\/www.europesays.com\/de\/wp-json\/wp\/v2\/types\/post"}],"author":[{"embeddable":true,"href":"https:\/\/www.europesays.com\/de\/wp-json\/wp\/v2\/users\/2"}],"replies":[{"embeddable":true,"href":"https:\/\/www.europesays.com\/de\/wp-json\/wp\/v2\/comments?post=739226"}],"version-history":[{"count":0,"href":"https:\/\/www.europesays.com\/de\/wp-json\/wp\/v2\/posts\/739226\/revisions"}],"wp:featuredmedia":[{"embeddable":true,"href":"https:\/\/www.europesays.com\/de\/wp-json\/wp\/v2\/media\/739227"}],"wp:attachment":[{"href":"https:\/\/www.europesays.com\/de\/wp-json\/wp\/v2\/media?parent=739226"}],"wp:term":[{"taxonomy":"category","embeddable":true,"href":"https:\/\/www.europesays.com\/de\/wp-json\/wp\/v2\/categories?post=739226"},{"taxonomy":"post_tag","embeddable":true,"href":"https:\/\/www.europesays.com\/de\/wp-json\/wp\/v2\/tags?post=739226"}],"curies":[{"name":"wp","href":"https:\/\/api.w.org\/{rel}","templated":true}]}}