{"id":739351,"date":"2026-01-23T00:29:11","date_gmt":"2026-01-23T00:29:11","guid":{"rendered":"https:\/\/www.europesays.com\/de\/739351\/"},"modified":"2026-01-23T00:29:11","modified_gmt":"2026-01-23T00:29:11","slug":"weiteres-todesopfer-nach-wohnungsbrand-in-rochlitz","status":"publish","type":"post","link":"https:\/\/www.europesays.com\/de\/739351\/","title":{"rendered":"Weiteres Todesopfer nach Wohnungsbrand in Rochlitz"},"content":{"rendered":"<p class=\"text\">\nNach dem verheerenden Wohnungsbrand in der <a href=\"https:\/\/www.mdr.de\/nachrichten\/sachsen\/chemnitz\/doebeln-rochlitz\/feuer-wohnhaus-rochlitz-schwerverletzter-vermisster-100.html\" title=\"Brand in Rochlitz: Ein Schwerverletzter gerettet, eine tote Person gefunden\" target=\"_blank\" rel=\"noopener\">vergangenen Woche in Rochlitz<\/a> gibt es ein weiteres Todesopfer. Wie die Polizeidirektion Chemnitz mitteilte, ist ein 63 Jahre alter Bewohner, der zun\u00e4chst schwer verletzt aus dem brennenden Haus in der Fischergasse gerettet worden war, inzwischen im Krankenhaus gestorben.\n<\/p>\n<p class=\"text\">\nBereits w\u00e4hrend der L\u00f6scharbeiten hatte die Feuerwehr eine leblose Person im Geb\u00e4ude gefunden. Damit forderte der n\u00e4chtliche Brand insgesamt zwei Todesopfer.\n<\/p>\n<p>Brandwohnung nicht mehr bewohnbar<\/p>\n<p class=\"text\">\nDas Reihenhaus mit mehreren Wohneinheiten sei laut Feuerwehr nicht mehr bewohnbar. Die Ursache des Feuers ist weiterhin unklar, die Ermittlungen dauern an.<\/p>\n","protected":false},"excerpt":{"rendered":"Nach dem verheerenden Wohnungsbrand in der vergangenen Woche in Rochlitz gibt es ein weiteres Todesopfer. Wie die Polizeidirektion&hellip;\n","protected":false},"author":2,"featured_media":739352,"comment_status":"","ping_status":"","sticky":false,"template":"","format":"standard","meta":{"footnotes":""},"categories":[1851],"tags":[2919,2770,3364,29,548,663,3934,987,30,13,81,14,15,859,12,3259,626],"class_list":{"0":"post-739351","1":"post","2":"type-post","3":"status-publish","4":"format-standard","5":"has-post-thumbnail","7":"category-chemnitz","8":"tag-brand","9":"tag-chemnitz","10":"tag-de","11":"tag-deutschland","12":"tag-eu","13":"tag-europa","14":"tag-europe","15":"tag-feuer","16":"tag-germany","17":"tag-headlines","18":"tag-mdr","19":"tag-nachrichten","20":"tag-news","21":"tag-sachsen","22":"tag-schlagzeilen","23":"tag-tod","24":"tag-wohnung"},"share_on_mastodon":{"url":"https:\/\/pubeurope.com\/@de\/115941589942925413","error":""},"_links":{"self":[{"href":"https:\/\/www.europesays.com\/de\/wp-json\/wp\/v2\/posts\/739351","targetHints":{"allow":["GET"]}}],"collection":[{"href":"https:\/\/www.europesays.com\/de\/wp-json\/wp\/v2\/posts"}],"about":[{"href":"https:\/\/www.europesays.com\/de\/wp-json\/wp\/v2\/types\/post"}],"author":[{"embeddable":true,"href":"https:\/\/www.europesays.com\/de\/wp-json\/wp\/v2\/users\/2"}],"replies":[{"embeddable":true,"href":"https:\/\/www.europesays.com\/de\/wp-json\/wp\/v2\/comments?post=739351"}],"version-history":[{"count":0,"href":"https:\/\/www.europesays.com\/de\/wp-json\/wp\/v2\/posts\/739351\/revisions"}],"wp:featuredmedia":[{"embeddable":true,"href":"https:\/\/www.europesays.com\/de\/wp-json\/wp\/v2\/media\/739352"}],"wp:attachment":[{"href":"https:\/\/www.europesays.com\/de\/wp-json\/wp\/v2\/media?parent=739351"}],"wp:term":[{"taxonomy":"category","embeddable":true,"href":"https:\/\/www.europesays.com\/de\/wp-json\/wp\/v2\/categories?post=739351"},{"taxonomy":"post_tag","embeddable":true,"href":"https:\/\/www.europesays.com\/de\/wp-json\/wp\/v2\/tags?post=739351"}],"curies":[{"name":"wp","href":"https:\/\/api.w.org\/{rel}","templated":true}]}}