{"id":739584,"date":"2026-01-23T02:47:11","date_gmt":"2026-01-23T02:47:11","guid":{"rendered":"https:\/\/www.europesays.com\/de\/739584\/"},"modified":"2026-01-23T02:47:11","modified_gmt":"2026-01-23T02:47:11","slug":"koeln-zwei-menschen-bei-wohnungsbrand-lebensgefaehrlich-verletzt-panorama","status":"publish","type":"post","link":"https:\/\/www.europesays.com\/de\/739584\/","title":{"rendered":"K\u00f6ln &#8211; Zwei Menschen bei Wohnungsbrand lebensgef\u00e4hrlich verletzt &#8211; Panorama"},"content":{"rendered":"<p data-manual=\"paragraph\" data-schema-org-speakable=\"true\" class=\"css-1eosz7k\">K\u00f6ln (dpa\/lnw) &#8211; Bei einem Brand im dritten Stock eines Mehrfamilienhauses in K\u00f6ln-Lindenthal ist ein \u00e4lteres Ehepaar lebensgef\u00e4hrlich verletzt worden. Die beiden wurden ins Krankenhaus gebracht, wie die Feuerwehr mitteilte. Zum genauen Alter der Verletzten machte die Polizei keine Angaben.<\/p>\n<p data-manual=\"paragraph\" data-schema-org-speakable=\"true\" class=\"css-1eosz7k\">Beim Eintreffen der Feuerwehr stand die Frau demnach an einem Fenster der brennenden Wohnung, ihr Mann wurde zun\u00e4chst vermisst. Feuerwehrleute fanden ihn schlie\u00dflich im vorderen Teil der bereits komplett in Flammen stehenden Wohnung. Beide wurden per Drehleiter aus dem Haus gebracht.<\/p>\n<p data-manual=\"paragraph\" data-schema-org-speakable=\"true\" class=\"css-1eosz7k\">Weitere Menschen kamen nicht zu Schaden. Die Einsatzkr\u00e4fte konnten verhindern, dass die Flammen auf andere Wohnungen im Haus \u00fcbergriffen. Zur H\u00f6he des entstandenen Schadens machte die Polizei keine Angaben. Die Brandursache war zun\u00e4chst unklar.<\/p>\n<p data-manual=\"paragraph\" data-schema-org-speakable=\"true\" class=\"css-1eosz7k\">\u00a9 dpa-infocom, dpa:260123-930-584444\/1<\/p>\n","protected":false},"excerpt":{"rendered":"K\u00f6ln (dpa\/lnw) &#8211; Bei einem Brand im dritten Stock eines Mehrfamilienhauses in K\u00f6ln-Lindenthal ist ein \u00e4lteres Ehepaar lebensgef\u00e4hrlich&hellip;\n","protected":false},"author":2,"featured_media":739585,"comment_status":"","ping_status":"","sticky":false,"template":"","format":"standard","meta":{"footnotes":"","_share_on_mastodon":"0"},"categories":[1828],"tags":[986,29,987,30,1420,11191,1209,1974,149],"class_list":["post-739584","post","type-post","status-publish","format-standard","has-post-thumbnail","category-koeln","tag-braende","tag-deutschland","tag-feuer","tag-germany","tag-koeln","tag-lindenthal","tag-nordrhein-westfalen","tag-panorama","tag-sueddeutsche-zeitung"],"share_on_mastodon":{"url":"https:\/\/pubeurope.com\/@de\/115942132598808810","error":""},"_links":{"self":[{"href":"https:\/\/www.europesays.com\/de\/wp-json\/wp\/v2\/posts\/739584","targetHints":{"allow":["GET"]}}],"collection":[{"href":"https:\/\/www.europesays.com\/de\/wp-json\/wp\/v2\/posts"}],"about":[{"href":"https:\/\/www.europesays.com\/de\/wp-json\/wp\/v2\/types\/post"}],"author":[{"embeddable":true,"href":"https:\/\/www.europesays.com\/de\/wp-json\/wp\/v2\/users\/2"}],"replies":[{"embeddable":true,"href":"https:\/\/www.europesays.com\/de\/wp-json\/wp\/v2\/comments?post=739584"}],"version-history":[{"count":0,"href":"https:\/\/www.europesays.com\/de\/wp-json\/wp\/v2\/posts\/739584\/revisions"}],"wp:featuredmedia":[{"embeddable":true,"href":"https:\/\/www.europesays.com\/de\/wp-json\/wp\/v2\/media\/739585"}],"wp:attachment":[{"href":"https:\/\/www.europesays.com\/de\/wp-json\/wp\/v2\/media?parent=739584"}],"wp:term":[{"taxonomy":"category","embeddable":true,"href":"https:\/\/www.europesays.com\/de\/wp-json\/wp\/v2\/categories?post=739584"},{"taxonomy":"post_tag","embeddable":true,"href":"https:\/\/www.europesays.com\/de\/wp-json\/wp\/v2\/tags?post=739584"}],"curies":[{"name":"wp","href":"https:\/\/api.w.org\/{rel}","templated":true}]}}