{"id":739674,"date":"2026-01-23T03:34:10","date_gmt":"2026-01-23T03:34:10","guid":{"rendered":"https:\/\/www.europesays.com\/de\/739674\/"},"modified":"2026-01-23T03:34:10","modified_gmt":"2026-01-23T03:34:10","slug":"ukraine-news-kreml-bestaetigt-ukraine-usa-russland-treffen-in-abu-dhabi","status":"publish","type":"post","link":"https:\/\/www.europesays.com\/de\/739674\/","title":{"rendered":"Ukraine-News: Kreml best\u00e4tigt Ukraine-USA-Russland-Treffen in Abu Dhabi"},"content":{"rendered":"<p>04:25 Uhr | Kreml: Russland offen f\u00fcr Diplomatie, setzt Kampf aber fort<\/p>\n<p class=\"text\">\nRusslands Pr\u00e4sident Wladimir Putin ist nach Angaben seines Beraters Juri Uschakow &#8222;aufrichtig interessiert&#8220; an einer diplomatischen L\u00f6sung des Kriegs gegen die Ukraine. Bis zu einer Einigung werde Russland jedoch weiter die Ziele seiner &#8222;milit\u00e4rischen Sonderoperation&#8220; verfolgen, auch auf dem Schlachtfeld. Die Gespr\u00e4che mit US-Gesandten bezeichnete Uschakow als substanziell, konstruktiv und sehr offen. (Quelle: Reuters)\n<\/p>\n<p>03:05 Uhr | <a name=\"Kreml\">Kreml<\/a> best\u00e4tigt Ukraine-USA-Russland-Treffen in Abu Dhabi<\/p>\n<p class=\"text\">\nNach Gespr\u00e4chen zwischen Russlands Pr\u00e4sident Wladimir Putin und dem US-Gesandten Steve Witkoff in Moskau hat der Kreml f\u00fcr Freitag ein trilaterales Treffen von Russland, den USA und der Ukraine best\u00e4tigt. Thema seien Sicherheitsfragen, teilte Putins Berater Juri Uschakow mit. Das Treffen soll in Abu Dhabi stattfinden. F\u00fcr die Verhandlungsrunde am Persischen Golf sind zwei Tage vorgesehen.  Zuvor hatte die Ukraine eine Einigung mit Washington \u00fcber Sicherheitsgarantien gemeldet. (Quellen: Reuters, AFP)\n<\/p>\n<p>02:39 Uhr | <a name=\"Moskau\">Gespr\u00e4che<\/a> in Moskau \u00fcber Ukraine-Krieg beendet<\/p>\n<p class=\"text\">\nDie Gespr\u00e4che \u00fcber ein Ende des Kriegs in der Ukraine zwischen Russlands Pr\u00e4sident Wladimir Putin und US-Gesandten sind in Moskau nach mehr als dreieinhalb Stunden zu Ende gegangen. \u00dcber Ergebnisse wurde zun\u00e4chst nichts bekannt. Teilgenommen haben unter anderem US-Sondergesandter Steve Witkoff, Trumps Schwiegersohn Jared Kushner und Berater von US-Pr\u00e4sident Donald Trump. Thema waren auch eingefrorene russische Verm\u00f6genswerte. (Quellen: Reuters, dpa)<\/p>\n","protected":false},"excerpt":{"rendered":"04:25 Uhr | Kreml: Russland offen f\u00fcr Diplomatie, setzt Kampf aber fort Russlands Pr\u00e4sident Wladimir Putin ist nach&hellip;\n","protected":false},"author":2,"featured_media":739675,"comment_status":"","ping_status":"","sticky":false,"template":"","format":"standard","meta":{"footnotes":""},"categories":[3977],"tags":[169382,331,332,19533,169383,13,4046,8328,81,308,14,15,111,12216,307,859,860,25102,12,116,97722,861,317,4017,4018,4016,64,4019,4020,6168,103,4872],"class_list":{"0":"post-739674","1":"post","2":"type-post","3":"status-publish","4":"format-standard","5":"has-post-thumbnail","7":"category-usa","8":"tag-abu","9":"tag-aktuelle-nachrichten","10":"tag-aktuelle-news","11":"tag-angriffe","12":"tag-dhabi","13":"tag-headlines","14":"tag-krieg","15":"tag-krywyj","16":"tag-mdr","17":"tag-moskau","18":"tag-nachrichten","19":"tag-news","20":"tag-putin","21":"tag-rih","22":"tag-russland","23":"tag-sachsen","24":"tag-sachsen-anhalt","25":"tag-saporischschja","26":"tag-schlagzeilen","27":"tag-selenskyj","28":"tag-sicherheitsgarantien","29":"tag-thueringen","30":"tag-ukraine","31":"tag-united-states","32":"tag-united-states-of-america","33":"tag-us","34":"tag-usa","35":"tag-vereinigte-staaten","36":"tag-vereinigte-staaten-von-amerika","37":"tag-verhandlungen","38":"tag-welt","39":"tag-witkoff"},"share_on_mastodon":{"url":"https:\/\/pubeurope.com\/@de\/115942317279806145","error":""},"_links":{"self":[{"href":"https:\/\/www.europesays.com\/de\/wp-json\/wp\/v2\/posts\/739674","targetHints":{"allow":["GET"]}}],"collection":[{"href":"https:\/\/www.europesays.com\/de\/wp-json\/wp\/v2\/posts"}],"about":[{"href":"https:\/\/www.europesays.com\/de\/wp-json\/wp\/v2\/types\/post"}],"author":[{"embeddable":true,"href":"https:\/\/www.europesays.com\/de\/wp-json\/wp\/v2\/users\/2"}],"replies":[{"embeddable":true,"href":"https:\/\/www.europesays.com\/de\/wp-json\/wp\/v2\/comments?post=739674"}],"version-history":[{"count":0,"href":"https:\/\/www.europesays.com\/de\/wp-json\/wp\/v2\/posts\/739674\/revisions"}],"wp:featuredmedia":[{"embeddable":true,"href":"https:\/\/www.europesays.com\/de\/wp-json\/wp\/v2\/media\/739675"}],"wp:attachment":[{"href":"https:\/\/www.europesays.com\/de\/wp-json\/wp\/v2\/media?parent=739674"}],"wp:term":[{"taxonomy":"category","embeddable":true,"href":"https:\/\/www.europesays.com\/de\/wp-json\/wp\/v2\/categories?post=739674"},{"taxonomy":"post_tag","embeddable":true,"href":"https:\/\/www.europesays.com\/de\/wp-json\/wp\/v2\/tags?post=739674"}],"curies":[{"name":"wp","href":"https:\/\/api.w.org\/{rel}","templated":true}]}}