{"id":739789,"date":"2026-01-23T04:39:11","date_gmt":"2026-01-23T04:39:11","guid":{"rendered":"https:\/\/www.europesays.com\/de\/739789\/"},"modified":"2026-01-23T04:39:11","modified_gmt":"2026-01-23T04:39:11","slug":"pastorale-raeume-in-der-region-moenchengladbach-ab-2026","status":"publish","type":"post","link":"https:\/\/www.europesays.com\/de\/739789\/","title":{"rendered":"Pastorale R\u00e4ume in der Region M\u00f6nchengladbach ab 2026"},"content":{"rendered":"<p class=\"text_ohne_einzug richtext text-em-55 !leading-serif mx-6 desktop:mx-0\">Er wollte ein Richtfest feiern \u2013 f\u00fcr ein Mehrgenerationenhaus, gebaut aus bewusster Entscheidung, voller Dynamik f\u00fcr gemeinsames Wohnen und in allen Dingen frei von Barrieren. So beschreibt Probst Peter Bl\u00e4tter seine Sicht auf den neuen pastoralen Raum \u201eM\u00f6nchengladbach Mitte-Nordost\u201c, dessen Chefseelsorger er nun ist. Passend dazu: der Richtkranz im Chorraum der M\u00fcnsterbasilika, in die Bl\u00e4ttler mit den Co-Zelebranten Pater Wolfgang Thome und Pfarrer Thomas Porwol zu einem Gottesdienst geladen hatte. Das neue Haus habe noch keinen festen Plan, sagte der Propst in seiner Predigt. Dies sei kein Mangel, betonte er. Vielmehr brauche man mit der Entscheidung des Bischofs zun\u00e4chst ein Dach, ein anderes Dach mit alten und neuen R\u00e4umen. Das Richtfest sei noch lange nicht das Ende. Optimistisch schaute Bl\u00e4ttler in die Zukunft und sprach von Aufbruchstimmung: \u201eUnser Christentum ist nicht am Ende, es ist kein Auslaufmodell und es kommt darauf an, Hoffnung zu lernen.\u201c<\/p>\n","protected":false},"excerpt":{"rendered":"Er wollte ein Richtfest feiern \u2013 f\u00fcr ein Mehrgenerationenhaus, gebaut aus bewusster Entscheidung, voller Dynamik f\u00fcr gemeinsames Wohnen&hellip;\n","protected":false},"author":2,"featured_media":739790,"comment_status":"","ping_status":"","sticky":false,"template":"","format":"standard","meta":{"footnotes":""},"categories":[1849],"tags":[22839,169433,3364,29,548,663,3934,31162,30,13,21858,26920,24741,30537,4455,147944,14,15,1209,169432,1678,115099,12],"class_list":{"0":"post-739789","1":"post","2":"type-post","3":"status-publish","4":"format-standard","5":"has-post-thumbnail","7":"category-moenchengladbach","8":"tag-broich","9":"tag-chorraum","10":"tag-de","11":"tag-deutschland","12":"tag-eu","13":"tag-europa","14":"tag-europe","15":"tag-evangelischen","16":"tag-germany","17":"tag-headlines","18":"tag-josef","19":"tag-juechen","20":"tag-korschenbroich","21":"tag-maria","22":"tag-moenchengladbach","23":"tag-muelfort","24":"tag-nachrichten","25":"tag-news","26":"tag-nordrhein-westfalen","27":"tag-pastoralen","28":"tag-raum","29":"tag-raeumen","30":"tag-schlagzeilen"},"share_on_mastodon":{"url":"https:\/\/pubeurope.com\/@de\/115942572943037397","error":""},"_links":{"self":[{"href":"https:\/\/www.europesays.com\/de\/wp-json\/wp\/v2\/posts\/739789","targetHints":{"allow":["GET"]}}],"collection":[{"href":"https:\/\/www.europesays.com\/de\/wp-json\/wp\/v2\/posts"}],"about":[{"href":"https:\/\/www.europesays.com\/de\/wp-json\/wp\/v2\/types\/post"}],"author":[{"embeddable":true,"href":"https:\/\/www.europesays.com\/de\/wp-json\/wp\/v2\/users\/2"}],"replies":[{"embeddable":true,"href":"https:\/\/www.europesays.com\/de\/wp-json\/wp\/v2\/comments?post=739789"}],"version-history":[{"count":0,"href":"https:\/\/www.europesays.com\/de\/wp-json\/wp\/v2\/posts\/739789\/revisions"}],"wp:featuredmedia":[{"embeddable":true,"href":"https:\/\/www.europesays.com\/de\/wp-json\/wp\/v2\/media\/739790"}],"wp:attachment":[{"href":"https:\/\/www.europesays.com\/de\/wp-json\/wp\/v2\/media?parent=739789"}],"wp:term":[{"taxonomy":"category","embeddable":true,"href":"https:\/\/www.europesays.com\/de\/wp-json\/wp\/v2\/categories?post=739789"},{"taxonomy":"post_tag","embeddable":true,"href":"https:\/\/www.europesays.com\/de\/wp-json\/wp\/v2\/tags?post=739789"}],"curies":[{"name":"wp","href":"https:\/\/api.w.org\/{rel}","templated":true}]}}