{"id":739812,"date":"2026-01-23T04:53:21","date_gmt":"2026-01-23T04:53:21","guid":{"rendered":"https:\/\/www.europesays.com\/de\/739812\/"},"modified":"2026-01-23T04:53:21","modified_gmt":"2026-01-23T04:53:21","slug":"testspielniederlagen-fuer-vohwinkel-rott-und-germania","status":"publish","type":"post","link":"https:\/\/www.europesays.com\/de\/739812\/","title":{"rendered":"Testspielniederlagen f\u00fcr Vohwinkel, Rott und Germania"},"content":{"rendered":"<p class=\"text_ohne_einzug richtext text-em-55 !leading-serif mx-6 desktop:mx-0\">Eigentlich wollte Kreisliga-A-Tabellenf\u00fchrer SC Sonnborn vor dem Ligastart am Sonntag (gegen Gr\u00fcn-Wei\u00df) am Mittwoch noch gegen den Cronenberger SC testen, und auch der Bezirksligist, der erst eine Woche sp\u00e4ter in die Meisterschaft einsteigt, hatte sich auf den Test gefreut. Doch der wurde abgesagt. Grund: An einigen Stellen des Sportplatzes an der Hauptstra\u00dfe bildet sich bei Abend- und Nachttemperaturen Eis, das tags\u00fcber kaum wegtaut, weil die Stellen im Schatten liegen. Die Cronenberger bestreiten ihre Generalprobe am Sonntag bei BG \u00dcberruhr aus der Bezirksligagruppe 6. Zwei andere Wuppertaler Bezirksligisten testeten am Mittwoch, Germania am Dienstag.<\/p>\n","protected":false},"excerpt":{"rendered":"Eigentlich wollte Kreisliga-A-Tabellenf\u00fchrer SC Sonnborn vor dem Ligastart am Sonntag (gegen Gr\u00fcn-Wei\u00df) am Mittwoch noch gegen den Cronenberger&hellip;\n","protected":false},"author":2,"featured_media":739813,"comment_status":"","ping_status":"","sticky":false,"template":"","format":"standard","meta":{"footnotes":""},"categories":[1840],"tags":[98761,88745,35508,3364,29,24038,6750,30,1209,18772,53760,25705,40553,29740,19466,4418],"class_list":{"0":"post-739812","1":"post","2":"type-post","3":"status-publish","4":"format-standard","5":"has-post-thumbnail","7":"category-wuppertal","8":"tag-gevelsberg","9":"tag-bezirksligist","10":"tag-cronenberger","11":"tag-de","12":"tag-deutschland","13":"tag-fsv","14":"tag-fuehrung","15":"tag-germany","16":"tag-nordrhein-westfalen","17":"tag-partie","18":"tag-rott","19":"tag-rotter","20":"tag-viktor","21":"tag-viktoria","22":"tag-vohwinkel","23":"tag-wuppertal"},"share_on_mastodon":{"url":"https:\/\/pubeurope.com\/@de\/115942628100634368","error":""},"_links":{"self":[{"href":"https:\/\/www.europesays.com\/de\/wp-json\/wp\/v2\/posts\/739812","targetHints":{"allow":["GET"]}}],"collection":[{"href":"https:\/\/www.europesays.com\/de\/wp-json\/wp\/v2\/posts"}],"about":[{"href":"https:\/\/www.europesays.com\/de\/wp-json\/wp\/v2\/types\/post"}],"author":[{"embeddable":true,"href":"https:\/\/www.europesays.com\/de\/wp-json\/wp\/v2\/users\/2"}],"replies":[{"embeddable":true,"href":"https:\/\/www.europesays.com\/de\/wp-json\/wp\/v2\/comments?post=739812"}],"version-history":[{"count":0,"href":"https:\/\/www.europesays.com\/de\/wp-json\/wp\/v2\/posts\/739812\/revisions"}],"wp:featuredmedia":[{"embeddable":true,"href":"https:\/\/www.europesays.com\/de\/wp-json\/wp\/v2\/media\/739813"}],"wp:attachment":[{"href":"https:\/\/www.europesays.com\/de\/wp-json\/wp\/v2\/media?parent=739812"}],"wp:term":[{"taxonomy":"category","embeddable":true,"href":"https:\/\/www.europesays.com\/de\/wp-json\/wp\/v2\/categories?post=739812"},{"taxonomy":"post_tag","embeddable":true,"href":"https:\/\/www.europesays.com\/de\/wp-json\/wp\/v2\/tags?post=739812"}],"curies":[{"name":"wp","href":"https:\/\/api.w.org\/{rel}","templated":true}]}}