{"id":739875,"date":"2026-01-23T05:26:12","date_gmt":"2026-01-23T05:26:12","guid":{"rendered":"https:\/\/www.europesays.com\/de\/739875\/"},"modified":"2026-01-23T05:26:12","modified_gmt":"2026-01-23T05:26:12","slug":"stadtbahn-in-stuttgart-das-sind-die-sperrungen-der-ssb-im-jahr-2026","status":"publish","type":"post","link":"https:\/\/www.europesays.com\/de\/739875\/","title":{"rendered":"Stadtbahn in Stuttgart: Das sind die Sperrungen der SSB im Jahr 2026"},"content":{"rendered":"<p>Die <a href=\"https:\/\/www.stuttgarter-zeitung.de\/thema\/Stuttgarter_Stra%C3%9Fenbahnen\" title=\"Stuttgarter Stra\u00dfenbahnen\" class=\"art_thema\" rel=\"nofollow noopener\" target=\"_blank\">Stuttgarter Stra\u00dfenbahnen<\/a> AG (<a href=\"https:\/\/www.stuttgarter-zeitung.de\/thema\/SSB\" title=\"SSB\" class=\"art_thema\" rel=\"nofollow noopener\" target=\"_blank\">SSB<\/a>) setzt die Sanierung des Stadtbahnnetzes auch im Jahr 2026 konsequent fort. Ziel sei es, so eine Pressesprecherin, \u201edie Infrastruktur in einem guten Zustand zu halten und damit die Qualit\u00e4t und P\u00fcnktlichkeit langfristig zu sichern\u201c. Insgesamt 12 bedeutendere Ma\u00dfnahmen sind zwischen M\u00e4rz und November geplant. Der st\u00e4dtische Verkehrsbetrieb investiert insgesamt ??? Millionen Euro. Einschr\u00e4nkungen im Fahrplan und auch Streckensperrungen mit Schienenersatzverkehr seien unausweichlich. \u201eWir werden versuchen die Einschr\u00e4nkungen soweit wie m\u00f6glich zu begrenzen\u201c, verspricht die SSB-Sprecherin. Eine \u00dcbersicht. <\/p>\n<p>Der Startschuss f\u00e4llt am Montag, 2. M\u00e4rz. Bis zum 12. April werden im Tunnel am Pragsattel die Gleise erneuert. Zudem wird die neue Au\u00dfenanlage vom Bahnhof Feuerbach bis zum Pfostenw\u00e4ldle hergestellt. Die <a href=\"https:\/\/www.stuttgarter-zeitung.de\/thema\/Stadtbahn\" title=\"Stadtbahn\" class=\"art_thema\" rel=\"nofollow noopener\" target=\"_blank\">Stadtbahn<\/a> U6 verkehrt zwischen Gerlingen und Weilimdorf L\u00f6wen-Markt. Der S\u00fcdast wird von Flughafen\/Messe ab dem Pragsattel zum Kelterplatz Zuffenhausen, die U13 von Hedelfingen bis nach M\u00f6nchfeld umgeleitet. Die U16 verkehrt nur zwischen Fellbach und Wilhelmsplatz Bad Cannstatt \u2013 und entf\u00e4llt in den Osterferien vom 30. M\u00e4rz bis 10. April komplett. <\/p>\n<p>An Ostern nur mit dem Bus zum Fernsehturm <\/p>\n<p> <strong>Ausgerechnte am Osterwochenende von 3. bis 6. April ist die Strecke zwischen Geroksruhe und Ruhbank (Fernsehturm) wegen der Erneuerung von Weichen gesperrt. Die U15 f\u00e4hrt nur zwischen Stammheim und Geroksruhe. Besucher des Fernsehturms m\u00fcssen auf den Bus umsteigen. Zudem sind die Linien U7 und U8 zwischen Heumaden und Osfildern Nellingen vom 14. bis 17. April betroffen. Um Sch\u00e4den an den Schienen durch Schleifarbeiten auszubessern, ist die Strecke jeweils ab 21 Uhr unterbrochen.<\/strong><\/p>\n<p>In den Pfingstferien sind rund um den Bahnhof M\u00f6hringen mit der U3, U5, U6 und U12 gleich vier Linien betroffen. Es werden Weichen sowie die Kreuzungen zur Vaihinger Stra\u00dfe und an der Ecke Zeigerloch\/Weibel erneuert. Die U3 verkehrt nur zwischen Plieningen und M\u00f6hrigen Bahnhof. Die U5 (vom Killesberg) und die U8 (Ostfildern Nellingen) enden an der Haltestelle Degerloch Albstra\u00dfe. Die U12 f\u00e4hrt hingegen von Remseck Neckargr\u00f6ningen bis zum Bahnhof M\u00f6hringen. Die U6 wird geteilt, und verkehrt von Gerlingen bis Bahnhof M\u00f6hringen sowie von Flughafen\/Messe und EnBW City. <\/p>\n<p>  <img decoding=\"async\" loading=\"lazy\" src=\"https:\/\/www.europesays.com\/de\/wp-content\/uploads\/2026\/01\/media.media.01f9b277-b9f5-4212-aba5-1daf746da639.original1024.media.jpeg\"\/>     Die Streckensperrungen in der \u00dcbersicht.    Foto: STZN\/Yann Lange    <\/p>\n<p>Lediglich in den Nachtstunden ab 21 Uhr sind die Linien U7, U8 und U15 vom 8. bis 21. Juni von der Erneuerung der Gleise an der Haltestelle Ruhbank betroffen. Dadurch entfallen einzelne Stopps und es verkehren lediglich 40 Meter lange Z\u00fcge. In diesem Zeitraum verlegt die SSB die U7 \u00fcber den Eugensplatz, die U15 wird bis nach Heumaden verl\u00e4ngert. Und zur j\u00e4hrlichen Revision ist die Stuttgarter Seilbahn von 8. bis 19. Juni zwischen S\u00fcdheimer Platz und Waldfriedhof gesperrt. <\/p>\n<p>Vom 29. Juni bis 12. Juli ist die U4 zwischen Bergfriedhof und Wangener Landhausstra\u00dfe in Richtung Untert\u00fcrkheim aufgrund der Sanierung von St\u00fctzpfeilern unterbrochen. Von 13. bis 26. Juli ist die Sperrung dann in die entgegengesetzte Richtung. Beides Mal f\u00fchrt die Umleitung \u00fcber die Haltestellen Raitelsberg und Schlachthof.<\/p>\n<p>Ringverkehr mit dem Bus durch die Innenstadt <\/p>\n<p>Die Strecke der U4 ist vom 30. Juli bis 30. August zwischen Berliner Platz und H\u00f6lderlinplatz unterbrochen. Es werden Schienen als auch der Asphalt erneuert. Die U4 verkehrt zwischen Bahnhof Untert\u00fcrkheim und Berliner Platz. Als Ersatz wird eine Ringlinie per Bus vom Berliner Platz \u00fcber H\u00f6lderlinplatz und Schwab-\/Bebelstra\u00dfe zum Roteb\u00fchlplatz gef\u00fchrt. Die Buslinie 41 umgeleitet. <\/p>\n<p>In den Sommerferien vom 30. Juli bis 13. September erfolgt der letzte Abschnitt der Grunderneuerung der Augsburger Stra\u00dfe zwischen dem Arlbergdurchlass und der Haltestelle Eszet. Die U13 verkehrt daher lediglich zwischen Feuerbach Pfostenw\u00e4ldle und Kienbachstra\u00dfe sowie dem Bahnhof Untert\u00fcrkheim und Hedelfingen. Es ist ein Ersatzverkehr eingerichtet.<\/p>\n<p>Am Wochenende 18.\/19. September erneuert die SSB die Schwellen und Weichen am Abzweig Kelterplatz in Richtung Pragsattel. Die U7 und U15 verkehren im Norden zwischen M\u00f6nchfeld und Stammheim. Im S\u00fcden f\u00e4hrt die U7 zwischen Ostfildern Nellingen und Pfostenw\u00e4ldle, die U15 zwischen Ruhbank und Killesberg. Die U13 wird bis Giebel verl\u00e4ngert. <\/p>\n<p>Vom 24. Oktober bis 1. November werden die Weichen zwischen Degerloch und Bopser\/Ruhbank erneuert. Gro\u00dfe Einschr\u00e4nkungen gibt es laut SSB lediglich an den Wochenenden 24.\/25. Oktober sowie 31. Oktober\/1.November. Die U12 wird von Remseck bis zur Ruhbank umgeleitet, zudem f\u00e4hrt sie zwischen D\u00fcrrlewang und Weinsteige. Die U5 verkehrt zwischen Leinfelden Neuer Markt und Plieningen. Die U6 ist zwischen Gerlingen und Ruhbank sowie Flughafen\/Messe und Weinsteige unterwegs, die U7 von M\u00f6nchfeld \u00fcber Eugensplatz nach Ostfildern. Die U8 entf\u00e4llt nicht nur an den Wochenenden, sondern komplett. <\/p>\n<p>Der Bahn\u00fcbergang am Cannstatter Wilhelmsplatz zur K\u00f6nig-Karl-Stra\u00dfe wird an den Wochenenden 7.\/8. sowie 14.\/15. November erneuert. Dadurch ist die U2 unterbrochen und wird umgeleitet. Die Z\u00fcge verkehren zwischen Botnang und Fellbach Lutherkirche sowie Neugereut und Gnesener Stra\u00dfe. <\/p>\n","protected":false},"excerpt":{"rendered":"Die Stuttgarter Stra\u00dfenbahnen AG (SSB) setzt die Sanierung des Stadtbahnnetzes auch im Jahr 2026 konsequent fort. Ziel sei&hellip;\n","protected":false},"author":2,"featured_media":739876,"comment_status":"","ping_status":"","sticky":false,"template":"","format":"standard","meta":{"footnotes":"","_share_on_mastodon":"0"},"categories":[1830],"tags":[1634,30085,3364,29,30,96188,6597,2083,6842,11238,1441,31056,92814,5329],"class_list":["post-739875","post","type-post","status-publish","format-standard","has-post-thumbnail","category-stuttgart","tag-baden-wuerttemberg","tag-busersatzverkehr","tag-de","tag-deutschland","tag-germany","tag-glomex","tag-infografik","tag-sperrungen","tag-ssb","tag-stadtbahn","tag-stuttgart","tag-stuttgarter-strassenbahnen","tag-topt","tag-video"],"share_on_mastodon":{"url":"https:\/\/pubeurope.com\/@de\/115942757872492075","error":""},"_links":{"self":[{"href":"https:\/\/www.europesays.com\/de\/wp-json\/wp\/v2\/posts\/739875","targetHints":{"allow":["GET"]}}],"collection":[{"href":"https:\/\/www.europesays.com\/de\/wp-json\/wp\/v2\/posts"}],"about":[{"href":"https:\/\/www.europesays.com\/de\/wp-json\/wp\/v2\/types\/post"}],"author":[{"embeddable":true,"href":"https:\/\/www.europesays.com\/de\/wp-json\/wp\/v2\/users\/2"}],"replies":[{"embeddable":true,"href":"https:\/\/www.europesays.com\/de\/wp-json\/wp\/v2\/comments?post=739875"}],"version-history":[{"count":0,"href":"https:\/\/www.europesays.com\/de\/wp-json\/wp\/v2\/posts\/739875\/revisions"}],"wp:featuredmedia":[{"embeddable":true,"href":"https:\/\/www.europesays.com\/de\/wp-json\/wp\/v2\/media\/739876"}],"wp:attachment":[{"href":"https:\/\/www.europesays.com\/de\/wp-json\/wp\/v2\/media?parent=739875"}],"wp:term":[{"taxonomy":"category","embeddable":true,"href":"https:\/\/www.europesays.com\/de\/wp-json\/wp\/v2\/categories?post=739875"},{"taxonomy":"post_tag","embeddable":true,"href":"https:\/\/www.europesays.com\/de\/wp-json\/wp\/v2\/tags?post=739875"}],"curies":[{"name":"wp","href":"https:\/\/api.w.org\/{rel}","templated":true}]}}