{"id":739919,"date":"2026-01-23T05:52:17","date_gmt":"2026-01-23T05:52:17","guid":{"rendered":"https:\/\/www.europesays.com\/de\/739919\/"},"modified":"2026-01-23T05:52:17","modified_gmt":"2026-01-23T05:52:17","slug":"15-millionen-dollar-indiens-milliardaers-spross-mit-neuer-luxus-uhr-geld","status":"publish","type":"post","link":"https:\/\/www.europesays.com\/de\/739919\/","title":{"rendered":"1,5 Millionen Dollar: Indiens Milliard\u00e4rs-Spross mit neuer Luxus-Uhr | Geld"},"content":{"rendered":"<p><a class=\"skip-content skip-content--link\" href=\"#in-content-skip-link-target-v-0-0\">TTS-Player \u00fcberspringen\u21b5<\/a><a id=\"in-content-skip-link-target-v-0-0\" class=\"skip-content--target-link-hidden skip-content skip-content--target-link\" href=\"#in-content-skip-link-target-v-0-0\">Artikel weiterlesen<\/a><\/p>\n<p>Paris\/Mumbai \u2013 <b>Jung, extrem reich und mit einer Schw\u00e4che f\u00fcr Luxus: Anant Ambani\u00a0(30), Sohn des indischen Multimilliard\u00e4rs Mukesh Ambani\u00a0(67), sorgt erneut f\u00fcr Aufsehen. Der j\u00fcngste Spross der reichsten Familie Indiens, Direktor im Familienkonzern Reliance Industries Limited, hat sich ein neues Statussymbol geg\u00f6nnt.<\/b><\/p>\n<p>Hommage an Wildtierpark<\/p>\n<p>Luxus-Uhrenhersteller Jacob &amp; Co. hat ein neues, auff\u00e4lliges Einzelst\u00fcck vorgestellt: eine Uhr im Wert von rund 1,5 Millionen Dollar, eine Hommage an Vantara, ein riesiges Wildtier-Rettungs- und Naturschutzprojekt im indischen Bundesstaat Gujarat, das Anant Ambani aufgebaut hat.<\/p>\n<p><img decoding=\"async\" width=\"992\" height=\"1178\" alt=\"Die \u201eOpera Vantara Green Camo\u201c w\u00fcrdigt Milliard\u00e4rs-Spross Anant Ambani und sein Engagement f\u00fcr den Wildpark Vantara in Indien\" src=\"https:\/\/www.europesays.com\/de\/wp-content\/uploads\/2026\/01\/3a976192dce06b8da6f36ba075496e96,a0063ab3.jpeg\"   class=\"portrait\" loading=\"lazy\"\/><\/p>\n<p class=\"fig__caption__text\">Die \u201eOpera Vantara Green Camo\u201c w\u00fcrdigt Milliard\u00e4rs-Spross Anant Ambani und sein Engagement f\u00fcr den Wildpark Vantara in Indien. Rechts an der Uhr ist eine violinenf\u00f6rmige Kurbel angebracht<\/p>\n<p>Foto: jacobandco\/instagram\n<\/p>\n<p>Im Zentrum des sich im Uhrzeigersinn drehenden Zifferblatts sitzt eine handbemalte Miniatur von Ambani, umgeben von einem L\u00f6wen und einem Bengal-Tiger \u2013 Symbole f\u00fcr die Tierwelt, die Vantara sch\u00fctzen soll.<\/p>\n<p>Die <a href=\"https:\/\/www.bild.de\/themen\/specials\/uhren\/accessoires-lifestyle-nachrichten-news-fotos-videos-22943776.bild.html\" class=\"text-link\" rel=\"nofollow noopener\" target=\"_blank\">Uhr<\/a> ist ein echter Hingucker \u2013 oder Schock: gr\u00fcnes Tarnmuster, 397\u00a0Edelsteine, darunter Diamanten, gr\u00fcne Saphire, Tsavorite und Demantoid-Granate. Gesamtgewicht: 21,98 Karat. Dazu bewegliche Elemente und extrem komplexe Mechanik \u2013 typisch Jacob &amp; Co.<\/p>\n<p><img decoding=\"async\" width=\"992\" height=\"1178\" alt=\"Platziert auf einem Thron: der Mini-Anant-Ambani bildet den Mittelpunkt der Uhr\" src=\"https:\/\/www.europesays.com\/de\/wp-content\/uploads\/2026\/01\/5748eb33b0badf4b77424752229377d3,523ddca8.jpeg\"   class=\"portrait\" loading=\"lazy\"\/><\/p>\n<p class=\"fig__caption__text\">Platziert auf einem Thron: Der Mini-Ambani ist handbemalt und bildet den Mittelpunkt der Uhr. Laut Hersteller soll er Verantwortung und F\u00fcrsorge symbolisieren<\/p>\n<p>Foto: jacobandco\/instagram\n<\/p>\n<p><img decoding=\"async\" width=\"992\" height=\"1178\" alt=\"Ein goldener Elefant und der Schriftzug Vantara bilden das Podest f\u00fcr die gr\u00fcnen Zeiger. Ziffern gibt es nicht\" src=\"https:\/\/www.europesays.com\/de\/wp-content\/uploads\/2026\/01\/a3212a35e7092d46c19fb9719d953e17,f29787a2.jpeg\"   class=\"portrait\" loading=\"lazy\"\/><\/p>\n<p class=\"fig__caption__text\">Ein goldener Elefant und der Schriftzug Vantara bilden das Podest f\u00fcr die gr\u00fcnen Zeiger. Ziffern gibt es nicht <\/p>\n<p>Foto: jacobandco\/instagram\n<\/p>\n<p><img decoding=\"async\" width=\"992\" height=\"558\" alt=\"Der L\u00f6we symbolisiert eines der Tiere, die Vantara sch\u00fctzen soll\" src=\"https:\/\/www.europesays.com\/de\/wp-content\/uploads\/2026\/01\/91d9e8f68eec90ffe7812235f2d61303,5a8d3a5e.jpeg\"   class=\"landscape\" loading=\"lazy\"\/><\/p>\n<p class=\"fig__caption__text\">Der L\u00f6we symbolisiert eines der Tiere, die Vantara sch\u00fctzen soll<\/p>\n<p>Foto: jacobandco\/instagram\n<\/p>\n<p><img decoding=\"async\" width=\"992\" height=\"1178\" alt=\"Ein Bengalischer Tiger \u2013 gebettet auf gr\u00fcnen Saphiren, Tsavoriten und Brillanten \u2013 zeigt seine Z\u00e4hne und Krallen\" src=\"https:\/\/www.europesays.com\/de\/wp-content\/uploads\/2026\/01\/141ab28a6f505d652e68f2cae07a9cc5,cd44ce92.jpeg\"   class=\"portrait\" loading=\"lazy\"\/><\/p>\n<p class=\"fig__caption__text\">Ein Bengal-Tiger sitzt auf einem Fl\u00fcgel, der mit gr\u00fcnen Saphiren, Tsavoriten und Brillanten besetzt ist<\/p>\n<p>Foto: jacobandco\/instagram\n<\/p>\n<p><img decoding=\"async\" width=\"992\" height=\"1178\" alt=\"Auch von der Seite pomp\u00f6s: Die L\u00fcnette der \u201eOpera Vantara Green Camo\u201c ist \u00fcber und \u00fcber mit Edelsteinen besetzt\" src=\"https:\/\/www.europesays.com\/de\/wp-content\/uploads\/2026\/01\/15beab7606cffe15a7906660f673e1b4,5fff4d.jpeg\"   class=\"portrait\" loading=\"lazy\"\/><\/p>\n<p class=\"fig__caption__text\">Auch von der Seite pomp\u00f6s: Die \u201eOpera Vantara Green Camo\u201c ist \u00fcber und \u00fcber mit Edelsteinen besetzt<\/p>\n<p>Foto: jacobandco\/instagram\n<\/p>\n<p>Ein Knopfdruck \u2013 und die ganze Uhr lebt: Das komplette Uhrwerk dreht sich um die eigene Achse, vom Tourbillon bis zur Mini-Figur im Zentrum. Selbst das kleine Stunden- und Minutenblatt rotiert gegenl\u00e4ufig und bleibt dabei immer richtig ausgerichtet. Angetrieben wird der Luxus-Zeitmesser von einem Handaufzugswerk mit 50 Stunden Gangreserve.<\/p>\n<p>Der Zeitmesser passt ins Bild. Anant Ambani gilt als leidenschaftlicher <a href=\"https:\/\/www.bild.de\/geld\/wirtschaft\/seine-uhren-sind-millionen-wert-so-tickt-indiens-mega-milliardaer-67fba70f2be3ce37c1b841a9\" class=\"text-link\" rel=\"nofollow noopener\" target=\"_blank\">Sammler extrem teurer Uhren<\/a>. Seine Kollektion ist Millionen wert und sorgt selbst bei Superreichen wie Tech-Milliard\u00e4r <a href=\"https:\/\/www.bild.de\/themen\/personen\/mark-zuckerberg\/internet-nachrichten-news-fotos-videos-15802998.bild.html\" class=\"text-link\" rel=\"nofollow noopener\" target=\"_blank\">Mark Zuckerberg<\/a> f\u00fcr Neid.<\/p>\n<p>Gespaltene Reaktionen im Netz<\/p>\n<p>Doch im Netz sorgt das Design f\u00fcr Diskussionen. Einige feiern die Handwerkskunst, andere spotten: \u201eIch sehe alles \u2013 nur keine Uhrzeit\u201c, schreibt ein User. Andere hielten das St\u00fcck zun\u00e4chst f\u00fcr einen KI-Fake oder einen Aprilscherz. Auf Instagram wird die Uhr teils als \u201eMonstrosit\u00e4t\u201c bezeichnet \u2013 als Kunstwerk beeindruckend, als Uhr fragw\u00fcrdig.<\/p>\n<p>Die \u201eOpera Vantara Green Camo\u201c wurde am 21.\u00a0Januar pr\u00e4sentiert und geh\u00f6rt zur ber\u00fchmten Opera-Kollektion von Jacob &amp; Co., bekannt f\u00fcr drehende Mechanismen und musikalische Komplikationen. Der Preis: laut Branchenkreisen rund 1,5 Millionen Dollar.<\/p>\n<p> An dieser Stelle findest du Inhalte aus Instagram <\/p>\n<p> Um mit Inhalten aus Instagram und anderen sozialen Netzwerken zu interagieren oder diese darzustellen, brauchen wir deine Zustimmung. <\/p>\n<p> soziale Netzwerke aktivieren  Um eingebettete Inhalte anzuzeigen, ist Ihre jederzeit widerrufliche Einwilligung (\u00fcber den Schalter oder \u00fcber &#8220; <a class=\"embed-placeholder__text-link\" href=\"#\" rel=\"noopener noreferrer\" title=\"Tracking widerrufen\"> Widerruf Tracking und Cookies<\/a> &#8220; am Seitenende) zur Verarbeitung personenbezogener Daten n\u00f6tig.  Dabei k\u00f6nnen Daten in Drittl\u00e4nder wie die USA \u00fcbermittelt werden (Art. 49 Abs. 1 lit. a DSGVO). Mit dem Aktivieren des Inhalts stimmen Sie zu. Weitere Infos finden Sie <a class=\"embed-placeholder__text-link\" href=\"#\" rel=\"noopener noreferrer\" title=\"Zu den Privatsph\u00e4re Einstellungen\"> hier<\/a>. <\/p>\n<p>Das Namensvorbild Vantara war im M\u00e4rz 2025 sogar von Indiens Premierminister Narendra Modi er\u00f6ffnet worden. Das private Schutzgebiet ist rund 3500 Hektar gro\u00df und soll mehr als 150.000\u00a0Tiere beherbergen \u2013 inklusive Hightech-Tierklinik mit MRT und CT.<\/p>\n<p>Ob Uhr oder Kunstobjekt \u2013 dieses Schmuckst\u00fcck zeigt vorwiegend eines: F\u00fcr Indiens Milliard\u00e4rs-Spross ist selbst die Zeit eine B\u00fchne.<\/p>\n<p>Mehr zum Thema<\/p>\n","protected":false},"excerpt":{"rendered":"TTS-Player \u00fcberspringen\u21b5Artikel weiterlesen Paris\/Mumbai \u2013 Jung, extrem reich und mit einer Schw\u00e4che f\u00fcr Luxus: Anant Ambani\u00a0(30), Sohn des&hellip;\n","protected":false},"author":2,"featured_media":739920,"comment_status":"","ping_status":"","sticky":false,"template":"","format":"standard","meta":{"footnotes":"","_share_on_mastodon":"0"},"categories":[134],"tags":[169456,175,170,169,29,30,1292,699,171,174,2268,132107,45,7647,173,172,2932],"class_list":["post-739919","post","type-post","status-publish","format-standard","has-post-thumbnail","category-unternehmen-maerkte","tag-ambani-mukesh","tag-business","tag-companies","tag-companies-markets","tag-deutschland","tag-germany","tag-hochzeit","tag-indien","tag-markets","tag-maerkte","tag-milliardaer","tag-reliance-industries","tag-texttospeech","tag-uhren","tag-unternehmen","tag-unternehmen-maerkte","tag-zuckerberg-mark"],"share_on_mastodon":{"url":"https:\/\/pubeurope.com\/@de\/115942860267601802","error":""},"_links":{"self":[{"href":"https:\/\/www.europesays.com\/de\/wp-json\/wp\/v2\/posts\/739919","targetHints":{"allow":["GET"]}}],"collection":[{"href":"https:\/\/www.europesays.com\/de\/wp-json\/wp\/v2\/posts"}],"about":[{"href":"https:\/\/www.europesays.com\/de\/wp-json\/wp\/v2\/types\/post"}],"author":[{"embeddable":true,"href":"https:\/\/www.europesays.com\/de\/wp-json\/wp\/v2\/users\/2"}],"replies":[{"embeddable":true,"href":"https:\/\/www.europesays.com\/de\/wp-json\/wp\/v2\/comments?post=739919"}],"version-history":[{"count":0,"href":"https:\/\/www.europesays.com\/de\/wp-json\/wp\/v2\/posts\/739919\/revisions"}],"wp:featuredmedia":[{"embeddable":true,"href":"https:\/\/www.europesays.com\/de\/wp-json\/wp\/v2\/media\/739920"}],"wp:attachment":[{"href":"https:\/\/www.europesays.com\/de\/wp-json\/wp\/v2\/media?parent=739919"}],"wp:term":[{"taxonomy":"category","embeddable":true,"href":"https:\/\/www.europesays.com\/de\/wp-json\/wp\/v2\/categories?post=739919"},{"taxonomy":"post_tag","embeddable":true,"href":"https:\/\/www.europesays.com\/de\/wp-json\/wp\/v2\/tags?post=739919"}],"curies":[{"name":"wp","href":"https:\/\/api.w.org\/{rel}","templated":true}]}}