{"id":739999,"date":"2026-01-23T06:40:13","date_gmt":"2026-01-23T06:40:13","guid":{"rendered":"https:\/\/www.europesays.com\/de\/739999\/"},"modified":"2026-01-23T06:40:13","modified_gmt":"2026-01-23T06:40:13","slug":"2000-kurden-protestieren-in-der-stadt","status":"publish","type":"post","link":"https:\/\/www.europesays.com\/de\/739999\/","title":{"rendered":"2000 Kurden protestieren in der Stadt"},"content":{"rendered":"<p>Friedlicher Protest <\/p>\n<p>Pro-kurdisch: Tausende demonstrieren in Bremer City<\/p>\n<p>23.01.2026 &#8211; 07:33 UhrLesedauer: 1 Min.<\/p>\n<p><a href=\"#focus-0\" class=\"transition-colors duration-200 block text-current relative\" data-sctrack=\"FocusGalleryImage.Reference\"><img fetchpriority=\"high\" data-testid=\"Opener.Image\" style=\"--lqipURL:url('https:\/\/images.t-online.de\/2026\/01\/WS8Fg7bmnJ3r\/0x1:2048x1152\/fit-in\/150x0\/filters:blur(25)\/auch-am-mittwoch-hatte-es-unter-anderem-in-bremen-eine-pro-kurdische-demonstration-gegeben.jpg')\"   loading=\"eager\" src=\"https:\/\/www.europesays.com\/de\/wp-content\/uploads\/2026\/01\/auch-am-mittwoch-hatte-es-unter-anderem-in-bremen-eine-pro-kurdische-demonstration-gegeben.jpg\" alt=\"Pro-kurdische Proteste in Bremen\" title=\"Pro-kurdische Proteste in Bremen\" width=\"2048\" height=\"1152\" class=\"bg-[url:var(--lqipURL)] bg-cover bg-center flex h-full w-full max-w-full\" decoding=\"async\"\/><img style=\"--width:32;--height:32\" loading=\"lazy\" src=\"https:\/\/bremen.t-online.de\/s\/paper\/_next\/static\/media\/zoom-in.f7dae02f.svg\" alt=\"Vergr\u00f6\u00dfern des Bildes\" title=\"Vergr\u00f6\u00dfern des Bildes\" class=\"block h-[calc(var(--height)_\/_16_*_1rem)] w-[calc(var(--width)_\/_16_*_1rem)] max-w-none absolute bottom-8 right-8 rounded-4 bg-snow p-8\" decoding=\"async\"\/><\/a><\/p>\n<p>Protestierende ziehen am Donnerstag durch die Stadt: Auch am Mittwoch hatte es unter anderem in Bremen eine pro-kurdische Demonstration gegeben. (Quelle: Kai Moorschlatt\/dpa\/dpa-bilder)<\/p>\n<p class=\"font-bold text-18 leading-17\">Rund 2.000 Menschen zogen am Donnerstagabend bei einer pro-kurdischen Kundgebung durch Bremen. Der Protestzug hatte sp\u00fcrbare Auswirkungen auf den Verkehr.<\/p>\n<p class=\"text-18 leading-17\">In Bremen haben am Donnerstag rund 2.000 Menschen an einer pro-kurdischen Demonstration teilgenommen. In der Hansestadt seien es in der Spitze rund 2.000 Menschen gewesen, sagte ein Polizeisprecher.<\/p>\n<p class=\"text-18 leading-17\">Der friedliche Protestzug habe auch Auswirkungen auf den Verkehr gehabt. Die Demonstration sei gegen 19.55 Uhr beendet worden. Bereits am Mittwoch gab es in Bremen pro-kurdische Proteste. Vereinzelt wurde Pyrotechnik gez\u00fcndet.<\/p>\n<p class=\"text-18 leading-17\">Hintergrund ist die Lage im Norden und Nordosten Syriens. Dort k\u00e4mpfen Regierungstruppen mit den kurdisch angef\u00fchrten Syrischen Demokratischen Kr\u00e4ften (SDF) um Macht, Einfluss und Gebietskontrolle.<\/p>\n<p class=\"text-18 leading-17\">Seit Tagen demonstrieren Menschen in vielen deutschen St\u00e4dten pro-kurdisch. Der kurdische Dachverband Konf\u00f6deration der Gemeinschaften Kurdistans in Deutschland ruft dazu auf, Rojava gegen die dschihadistischen Angriffe zu verteidigen.<\/p>\n","protected":false},"excerpt":{"rendered":"Friedlicher Protest Pro-kurdisch: Tausende demonstrieren in Bremer City 23.01.2026 &#8211; 07:33 UhrLesedauer: 1 Min. Protestierende ziehen am Donnerstag&hellip;\n","protected":false},"author":2,"featured_media":740000,"comment_status":"","ping_status":"","sticky":false,"template":"","format":"standard","meta":{"footnotes":"","_share_on_mastodon":"0"},"categories":[1824],"tags":[722,17161,2420,62393,3364,29,30,6496,138,86916,58],"class_list":["post-739999","post","type-post","status-publish","format-standard","has-post-thumbnail","category-bremen","tag-722","tag-17161","tag-bremen","tag-bremer-city","tag-de","tag-deutschland","tag-germany","tag-kundgebung","tag-kurden","tag-protestzug","tag-syrien"],"share_on_mastodon":{"url":"https:\/\/pubeurope.com\/@de\/115943048849774623","error":""},"_links":{"self":[{"href":"https:\/\/www.europesays.com\/de\/wp-json\/wp\/v2\/posts\/739999","targetHints":{"allow":["GET"]}}],"collection":[{"href":"https:\/\/www.europesays.com\/de\/wp-json\/wp\/v2\/posts"}],"about":[{"href":"https:\/\/www.europesays.com\/de\/wp-json\/wp\/v2\/types\/post"}],"author":[{"embeddable":true,"href":"https:\/\/www.europesays.com\/de\/wp-json\/wp\/v2\/users\/2"}],"replies":[{"embeddable":true,"href":"https:\/\/www.europesays.com\/de\/wp-json\/wp\/v2\/comments?post=739999"}],"version-history":[{"count":0,"href":"https:\/\/www.europesays.com\/de\/wp-json\/wp\/v2\/posts\/739999\/revisions"}],"wp:featuredmedia":[{"embeddable":true,"href":"https:\/\/www.europesays.com\/de\/wp-json\/wp\/v2\/media\/740000"}],"wp:attachment":[{"href":"https:\/\/www.europesays.com\/de\/wp-json\/wp\/v2\/media?parent=739999"}],"wp:term":[{"taxonomy":"category","embeddable":true,"href":"https:\/\/www.europesays.com\/de\/wp-json\/wp\/v2\/categories?post=739999"},{"taxonomy":"post_tag","embeddable":true,"href":"https:\/\/www.europesays.com\/de\/wp-json\/wp\/v2\/tags?post=739999"}],"curies":[{"name":"wp","href":"https:\/\/api.w.org\/{rel}","templated":true}]}}