{"id":740001,"date":"2026-01-23T06:41:28","date_gmt":"2026-01-23T06:41:28","guid":{"rendered":"https:\/\/www.europesays.com\/de\/740001\/"},"modified":"2026-01-23T06:41:28","modified_gmt":"2026-01-23T06:41:28","slug":"citybahn-naechster-bauabschnitt-auf-der-goldschmidtstrasse","status":"publish","type":"post","link":"https:\/\/www.europesays.com\/de\/740001\/","title":{"rendered":"CITYBAHN: N\u00e4chster Bauabschnitt auf der Goldschmidtstra\u00dfe"},"content":{"rendered":"<p>22.01.2026<\/p>\n<p>Am Montag, 26. Januar, startet auf der Goldschmidtstra\u00dfe im Ostviertel der n\u00e4chste Bauabschnitt zum Ausbau der CITYBAHN. F\u00fcr die Durchf\u00fchrung der Arbeiten an der Stra\u00dfe und den Gehwegen der westlichen Goldschmidtstra\u00dfe bleibt die bisherige Umleitung im Abschnitt zwischen Engelbertstra\u00dfe und Klosterstra\u00dfe weiterhin bestehen.<\/p>\n<p>Die Parkpl\u00e4tze auf der westlichen Seite des Baustellenbereiches entfallen w\u00e4hrend der Arbeiten. <\/p>\n<p>Fu\u00dfg\u00e4nger*innen werden \u00fcber einen Notgehweg geleitet, sodass Hauseing\u00e4nge und Gesch\u00e4fte stets erreichbar sind.<\/p>\n<p>Baubedingte tempor\u00e4re Sperrungen der Zug\u00e4nge zu den anliegenden Grundst\u00fccken sind unvermeidbar und werden rechtzeitig mit den jeweiligen Anliegenden abgestimmt.<\/p>\n<p>Die Arbeiten und die damit verbundenen Einschr\u00e4nkungen werden voraussichtlich bis zum 30. April andauern, wobei witterungsbedingte Verz\u00f6gerungen nicht ausgeschlossen werden k\u00f6nnen.<\/p>\n<p>Weitere Informationen zur CITYBAHN finden Interessierte unter <a href=\"https:\/\/www.citybahn-essen.de\/\" onclick=\"this.blur()\" target=\"_blank\" title=\"Externer Link\" rel=\"noopener\">www.citybahn-essen.de<\/a> . Weitere Verkehrsinformationen auf <a class=\"https:\/\/www.essen.de\/leben\/mobilitaet\/kraftfahrzeugverkehr\/verkehrshinweise.de.jsp\" href=\"https:\/\/www.essen.de\/leben\/mobilitaet\/kraftfahrzeugverkehr\/verkehrshinweise.de.jsp\" title=\"Interner Link, wird im selben Fenster angezeigt\" onclick=\"this.blur()\" target=\"_blank\" rel=\"noopener\">www.essen.de\/verkehrshinweise<\/a>.<\/p>\n<p>\tHerausgegeben von:<\/p>\n<p class=\"detail\">\n<p>\t\t Stadt Essen<br \/>Presse- und Kommunikationsamt<br \/>Rathaus, Porscheplatz<br \/>45121\u00a0Essen<br \/>Telefon: +49 201 88-0 (ServiceCenter Essen)<br \/>E-Mail: <a href=\"https:\/\/www.essen.de\/meldungen\/mailto:presse@essen.de\" target=\"_blank\" rel=\"noopener\">presse@essen.de<\/a><br \/>URL: <a class=\"https:\/\/www.essen.de\/rathaus\/presse\/pressecenter.de.jsp\" href=\"https:\/\/www.essen.de\/rathaus\/presse\/pressecenter.de.jsp\" title=\"Interner Link, wird im selben Fenster angezeigt\" onclick=\"this.blur()\" target=\"_blank\" rel=\"noopener\">www.essen.de\/presse<\/a>\n\t<\/p>\n","protected":false},"excerpt":{"rendered":"22.01.2026 Am Montag, 26. Januar, startet auf der Goldschmidtstra\u00dfe im Ostviertel der n\u00e4chste Bauabschnitt zum Ausbau der CITYBAHN.&hellip;\n","protected":false},"author":2,"featured_media":11920,"comment_status":"","ping_status":"","sticky":false,"template":"","format":"standard","meta":{"footnotes":""},"categories":[1834],"tags":[3364,29,3688,30,1209],"class_list":{"0":"post-740001","1":"post","2":"type-post","3":"status-publish","4":"format-standard","5":"has-post-thumbnail","7":"category-essen","8":"tag-de","9":"tag-deutschland","10":"tag-essen","11":"tag-germany","12":"tag-nordrhein-westfalen"},"share_on_mastodon":{"url":"https:\/\/pubeurope.com\/@de\/115943052593866695","error":""},"_links":{"self":[{"href":"https:\/\/www.europesays.com\/de\/wp-json\/wp\/v2\/posts\/740001","targetHints":{"allow":["GET"]}}],"collection":[{"href":"https:\/\/www.europesays.com\/de\/wp-json\/wp\/v2\/posts"}],"about":[{"href":"https:\/\/www.europesays.com\/de\/wp-json\/wp\/v2\/types\/post"}],"author":[{"embeddable":true,"href":"https:\/\/www.europesays.com\/de\/wp-json\/wp\/v2\/users\/2"}],"replies":[{"embeddable":true,"href":"https:\/\/www.europesays.com\/de\/wp-json\/wp\/v2\/comments?post=740001"}],"version-history":[{"count":0,"href":"https:\/\/www.europesays.com\/de\/wp-json\/wp\/v2\/posts\/740001\/revisions"}],"wp:featuredmedia":[{"embeddable":true,"href":"https:\/\/www.europesays.com\/de\/wp-json\/wp\/v2\/media\/11920"}],"wp:attachment":[{"href":"https:\/\/www.europesays.com\/de\/wp-json\/wp\/v2\/media?parent=740001"}],"wp:term":[{"taxonomy":"category","embeddable":true,"href":"https:\/\/www.europesays.com\/de\/wp-json\/wp\/v2\/categories?post=740001"},{"taxonomy":"post_tag","embeddable":true,"href":"https:\/\/www.europesays.com\/de\/wp-json\/wp\/v2\/tags?post=740001"}],"curies":[{"name":"wp","href":"https:\/\/api.w.org\/{rel}","templated":true}]}}