{"id":740224,"date":"2026-01-23T08:44:11","date_gmt":"2026-01-23T08:44:11","guid":{"rendered":"https:\/\/www.europesays.com\/de\/740224\/"},"modified":"2026-01-23T08:44:11","modified_gmt":"2026-01-23T08:44:11","slug":"handel-reagiert-auf-digitalisierung-in-der-ausbildung","status":"publish","type":"post","link":"https:\/\/www.europesays.com\/de\/740224\/","title":{"rendered":"Handel reagiert auf Digitalisierung in der Ausbildung"},"content":{"rendered":"<p class=\"richtext text-em-55 !leading-serif mx-6 desktop:mx-0\">Die Digitalisierung ver\u00e4ndert den Einzelhandel auch im Kreis <a href=\"https:\/\/rp-online.de\/thema\/viersen\/\" target=\"_blank\" rel=\"noopener\">Viersen<\/a>. Immer mehr Menschen kaufen online ein. 2024 nutzten 83 Prozent der Internetnutzer in Deutschland das Internet zum Shoppen. Der Umsatz lag bundesweit bei rund 88,8 Milliarden Euro. Digitale Technologien wie K\u00fcnstliche Intelligenz und automatisierte Prozesse ver\u00e4ndern Logistik und Kundenservice. Traditionelle Verkaufsjobs im station\u00e4ren Handel gehen zur\u00fcck. Gleichzeitig w\u00e4chst der Bedarf an digitalaffinen Fachkr\u00e4ften.<\/p>\n","protected":false},"excerpt":{"rendered":"Die Digitalisierung ver\u00e4ndert den Einzelhandel auch im Kreis Viersen. Immer mehr Menschen kaufen online ein. 2024 nutzten 83&hellip;\n","protected":false},"author":2,"featured_media":740225,"comment_status":"","ping_status":"","sticky":false,"template":"","format":"standard","meta":{"footnotes":""},"categories":[1849],"tags":[76290,13021,133918,74225,13820,19489,3364,29,26671,169494,1081,169492,15122,169493,1072,548,663,3934,30,3986,169491,42497,13,10756,4455,14,15,1209,12,18183],"class_list":{"0":"post-740224","1":"post","2":"type-post","3":"status-publish","4":"format-standard","5":"has-post-thumbnail","7":"category-moenchengladbach","8":"tag-2-0","9":"tag-13021","10":"tag-ausbildungsberufe","11":"tag-berufe","12":"tag-betriebe","13":"tag-bundesweit","14":"tag-de","15":"tag-deutschland","16":"tag-digitale","17":"tag-digitalem","18":"tag-digitalisierung","19":"tag-digitalisierungsdruck","20":"tag-digitalisierungsmanagement","21":"tag-digitalisierungsmanager","22":"tag-einzelhandel","23":"tag-eu","24":"tag-europa","25":"tag-europe","26":"tag-germany","27":"tag-handel","28":"tag-handelsbetriebe","29":"tag-handelsverband","30":"tag-headlines","31":"tag-intelligenz","32":"tag-moenchengladbach","33":"tag-nachrichten","34":"tag-news","35":"tag-nordrhein-westfalen","36":"tag-schlagzeilen","37":"tag-viersen"},"share_on_mastodon":{"url":"https:\/\/pubeurope.com\/@de\/115943536447541516","error":""},"_links":{"self":[{"href":"https:\/\/www.europesays.com\/de\/wp-json\/wp\/v2\/posts\/740224","targetHints":{"allow":["GET"]}}],"collection":[{"href":"https:\/\/www.europesays.com\/de\/wp-json\/wp\/v2\/posts"}],"about":[{"href":"https:\/\/www.europesays.com\/de\/wp-json\/wp\/v2\/types\/post"}],"author":[{"embeddable":true,"href":"https:\/\/www.europesays.com\/de\/wp-json\/wp\/v2\/users\/2"}],"replies":[{"embeddable":true,"href":"https:\/\/www.europesays.com\/de\/wp-json\/wp\/v2\/comments?post=740224"}],"version-history":[{"count":0,"href":"https:\/\/www.europesays.com\/de\/wp-json\/wp\/v2\/posts\/740224\/revisions"}],"wp:featuredmedia":[{"embeddable":true,"href":"https:\/\/www.europesays.com\/de\/wp-json\/wp\/v2\/media\/740225"}],"wp:attachment":[{"href":"https:\/\/www.europesays.com\/de\/wp-json\/wp\/v2\/media?parent=740224"}],"wp:term":[{"taxonomy":"category","embeddable":true,"href":"https:\/\/www.europesays.com\/de\/wp-json\/wp\/v2\/categories?post=740224"},{"taxonomy":"post_tag","embeddable":true,"href":"https:\/\/www.europesays.com\/de\/wp-json\/wp\/v2\/tags?post=740224"}],"curies":[{"name":"wp","href":"https:\/\/api.w.org\/{rel}","templated":true}]}}