{"id":740230,"date":"2026-01-23T08:48:12","date_gmt":"2026-01-23T08:48:12","guid":{"rendered":"https:\/\/www.europesays.com\/de\/740230\/"},"modified":"2026-01-23T08:48:12","modified_gmt":"2026-01-23T08:48:12","slug":"gemeinsam-fuer-die-kinder-lars-pletscher-und-minister-teuber-sichern-550-000-euro-fuer-schulsozialarbeit","status":"publish","type":"post","link":"https:\/\/www.europesays.com\/de\/740230\/","title":{"rendered":"Gemeinsam f\u00fcr die Kinder: Lars Pletscher und Minister Teuber sichern 550.000 Euro f\u00fcr Schulsozialarbeit"},"content":{"rendered":"<p><img loading=\"lazy\" decoding=\"async\" src=\"https:\/\/www.europesays.com\/de\/wp-content\/uploads\/2026\/01\/1quer.jpg\" alt=\"1quer\" width=\"1000\" height=\"741\" class=\"alignnone size-full wp-image-620223\"  \/>Ludwigshafen \/ Mainz \u2013 <strong>Gemeinsam das Kind in den Mittelpunkt stellen: Dezernent Pletscher im Gespr\u00e4ch mit Minister Teuber \/ 550.000 Euro f\u00fcr Schulsozialarbeit in Ludwigshafen<\/strong><\/p>\n<p>Seit Beginn des Jahres ist Lars Pletscher neuer Beigeordneter und Dezernent f\u00fcr Bildung, Jugend, Familie und Sport in Ludwigshafen. Gleich zu Beginn seiner Amtszeit traf er am Donnerstag Bildungsminister Sven Teuber zu einem ersten Austausch. \u201eGemeinsam wollen und k\u00f6nnen wir als Bildungsfamilie f\u00fcr die Kinder in Ludwigshafen viel erreichen. Wir k\u00f6nnen es als Ministerium nicht ohne die Stadt als Schultr\u00e4ger und Verantwortliche f\u00fcr die Kitas. Und die Stadt kann es nicht ohne uns als Ministerium. Deshalb freue ich mich, dass wir schnellstm\u00f6glich \u00fcber die Kitas, Grundschulen und weiterf\u00fchrenden Schulen ins Gespr\u00e4ch kommen, um im Interesse der Kinder und Jugendlichen zusammenzuarbeiten\u201c, so Bildungsminister Sven Teuber.<\/p>\n<p>Unterst\u00fctzung von Landesseite brachte der Bildungsminister direkt mit: Einen F\u00f6rderbescheid \u00fcber rund 550.000 Euro f\u00fcr die Schulsozialarbeit in der Stadt \u00fcbergab Teuber an Pletscher. Damit stieg die landesseitige Unterst\u00fctzung f\u00fcr Schulsozialarbeit an den allgemeinbildenden Schulen in Ludwigshafen innerhalb der vergangenen vier Jahren um 80 Prozent. 18 volle Stellen f\u00fcr Schulsozialarbeiterinnen und Schulsozialarbeiter verteilt an 22 allgemeinbildenden Schulen \u2013 zehn Grundschulen, f\u00fcnf Realschulen plus, einer Grund- und Realschule plus, drei Integrierten Gesamtschulen, einer Schule mit F\u00f6rderschwerpunkt Lernen und einem Gymnasium \u2013 werden damit in diesem Jahr gef\u00f6rdert. 2022 waren es zehn Stellen an acht Schulen. \u201eSchulen sind ein Spiegel unserer Gesellschaft, das sehen wir gerade in Ludwigshafen. Sie stehen somit ebenso vor ver\u00e4nderten Aufgaben, denen wir \u00fcberall im Alltag auch begegnen. Wir m\u00fcssen Schulen daher weiter mit Professionen erg\u00e4nzen, um diesem Wandel und den Sch\u00fclerinnen und Sch\u00fclern besser gerecht werden zu k\u00f6nnen, ohne sich selbst zu \u00fcberfordern. Dazu tr\u00e4gt Schulsozialarbeit bei\u201c, so Bildungsminister Sven Teuber.<\/p>\n<p>Dezernent Lars Pletscher sagte: \u201eEs war mir ein gro\u00dfes Anliegen, fr\u00fch den Dialog zum Land und Minister Teuber zu suchen. Ludwigshafen ist in der Bildungsdebatte derzeit in aller Munde \u2013 politisch und medial. Und das nicht, weil in Ludwigshafen schlecht gearbeitet wird. Ganz im Gegenteil: Ich erlebe alle Beteiligten, die sich f\u00fcr die Bildung der Kinder und Jugendlichen in unserer Stadt einsetzen, in h\u00f6chstem Ma\u00dfe engagiert und motiviert. Jedoch lassen sich die Schw\u00e4chen in unserem Bildungssystem sowie teilweise sehr bedenkliche gesamtgesellschaftliche Entwicklungen gerade in den Kommunen nicht wegdiskutieren. Die Probleme sind komplex und wir brauchen eine gemeinsame Kraftanstrengung. Ich habe in unserem Gespr\u00e4ch wahrgenommen, dass das Land sich dieser Verantwortung bewusst ist und das gilt selbstverst\u00e4ndlich auch f\u00fcr uns als Stadt. Unter anderem das Thema Schulsozialarbeit ist daf\u00fcr beispielgebend. Allein in den vergangenen f\u00fcnf Jahren hat die Stadt Ludwigshafen elf Stellen f\u00fcr Schulsozialarbeiter*innen neu geschaffen. Mittlerweile haben wir insgesamt 31,65 Stellen f\u00fcr die Schulsoziarbeit an allen allgemeinbildenden Schulen mit einem verbleibenden st\u00e4dtischen Finanzierungsanteil von rund 1,87 Millionen Euro. Ich nehme aus dem Gespr\u00e4ch mit dem Bildungsminister f\u00fcr Ludwigshafen mit, dass wir uns gemeinsam den bildungspolitischen und gesellschaftlichen Herausforderungen stellen werden und in engem Austausch zusammen L\u00f6sungen erarbeiten werden.\u201c<\/p>\n<p>Quelle: Ministeriums f\u00fcr Bildung Rheinland-Pfalz<br \/>\u00a9 Ministerium f\u00fcr Bildung \/ Jonas Birk <\/p>\n<p class=\"post-modified-info\">Zuletzt aktualisiert am 23. Januar 2026, 09:24<\/p>\n","protected":false},"excerpt":{"rendered":"Ludwigshafen \/ Mainz \u2013 Gemeinsam das Kind in den Mittelpunkt stellen: Dezernent Pletscher im Gespr\u00e4ch mit Minister Teuber&hellip;\n","protected":false},"author":2,"featured_media":740231,"comment_status":"","ping_status":"","sticky":false,"template":"","format":"standard","meta":{"footnotes":""},"categories":[1845],"tags":[14068,4568,1914,1634,752,3364,29,10219,26417,548,663,3934,30,2699,4484,13,1114,1236,25476,1427,2096,14,15,16935,15735,22861,2802,1756,12,966,11184,3041,61988,39146,1250],"class_list":{"0":"post-740230","1":"post","2":"type-post","3":"status-publish","4":"format-standard","5":"has-post-thumbnail","7":"category-mannheim","8":"tag-lernen","9":"tag-schulen","10":"tag-1914","11":"tag-baden-wuerttemberg","12":"tag-bildung","13":"tag-de","14":"tag-deutschland","15":"tag-dialog","16":"tag-donnerstag","17":"tag-eu","18":"tag-europa","19":"tag-europe","20":"tag-germany","21":"tag-gespraech","22":"tag-grundschulen","23":"tag-headlines","24":"tag-kinder","25":"tag-kommunen","26":"tag-ludwigshafen","27":"tag-mainz","28":"tag-mannheim","29":"tag-nachrichten","30":"tag-news","31":"tag-pfalz","32":"tag-plus","33":"tag-prozent","34":"tag-rheinland","35":"tag-rheinland-pfalz","36":"tag-schlagzeilen","37":"tag-schule","38":"tag-schuelerinnen","39":"tag-stadt","40":"tag-stadt-ludwigshafen","41":"tag-thema","42":"tag-unterstuetzung"},"share_on_mastodon":{"url":"https:\/\/pubeurope.com\/@de\/115943552076910656","error":""},"_links":{"self":[{"href":"https:\/\/www.europesays.com\/de\/wp-json\/wp\/v2\/posts\/740230","targetHints":{"allow":["GET"]}}],"collection":[{"href":"https:\/\/www.europesays.com\/de\/wp-json\/wp\/v2\/posts"}],"about":[{"href":"https:\/\/www.europesays.com\/de\/wp-json\/wp\/v2\/types\/post"}],"author":[{"embeddable":true,"href":"https:\/\/www.europesays.com\/de\/wp-json\/wp\/v2\/users\/2"}],"replies":[{"embeddable":true,"href":"https:\/\/www.europesays.com\/de\/wp-json\/wp\/v2\/comments?post=740230"}],"version-history":[{"count":0,"href":"https:\/\/www.europesays.com\/de\/wp-json\/wp\/v2\/posts\/740230\/revisions"}],"wp:featuredmedia":[{"embeddable":true,"href":"https:\/\/www.europesays.com\/de\/wp-json\/wp\/v2\/media\/740231"}],"wp:attachment":[{"href":"https:\/\/www.europesays.com\/de\/wp-json\/wp\/v2\/media?parent=740230"}],"wp:term":[{"taxonomy":"category","embeddable":true,"href":"https:\/\/www.europesays.com\/de\/wp-json\/wp\/v2\/categories?post=740230"},{"taxonomy":"post_tag","embeddable":true,"href":"https:\/\/www.europesays.com\/de\/wp-json\/wp\/v2\/tags?post=740230"}],"curies":[{"name":"wp","href":"https:\/\/api.w.org\/{rel}","templated":true}]}}