{"id":740255,"date":"2026-01-23T09:01:16","date_gmt":"2026-01-23T09:01:16","guid":{"rendered":"https:\/\/www.europesays.com\/de\/740255\/"},"modified":"2026-01-23T09:01:16","modified_gmt":"2026-01-23T09:01:16","slug":"strack-zimmermann-fordert-rueckholung-von-goldreserven-aus-den-usa","status":"publish","type":"post","link":"https:\/\/www.europesays.com\/de\/740255\/","title":{"rendered":"Strack-Zimmermann fordert R\u00fcckholung von Goldreserven aus den USA"},"content":{"rendered":"<p class=\"tspBHky tspBHkz\">Die <strong>FDP-Europapolitikerin Marie-Agnes Strack-Zimmermann<\/strong> dringt auf einen Abzug der deutschen Goldreserven aus den USA. \u201eIn einer Zeit wachsender globaler Unsicherheiten und unter der unberechenbaren US-Politik von Pr\u00e4sident Trump ist es nicht l\u00e4nger vertretbar, dass rund 37 Prozent der deutschen Goldreserven, mehr als 1230 Tonnen, in Tresoren der Federal Reserve in New York lagern\u201c, <a href=\"https:\/\/www.spiegel.de\/politik\/deutschland\/gold-forderung-nach-rueckholung-deutscher-reserven-aus-den-usa-a-b50c7f72-f890-465d-b9af-6e1b25917405\" target=\"_blank\" rel=\"noopener\" class=\"link link--external\" data-gtm-class=\"article-text-link\" data-gtm-val=\"external\" aria-describedby=\"message-target-blank\">sagte die Vorsitzende des Verteidigungsausschusses im Europ\u00e4ischen Parlament dem \u201eSpiegel\u201c<\/a>. Es handelt sich dabei um <strong>Gold im Wert von 164 Milliarden Euro<\/strong>.<\/p>\n<p class=\"tspBHky\">Deutschland sei zwar rechtlich Eigent\u00fcmer des Goldes, k\u00f6nne aber <strong>keine uneingeschr\u00e4nkte physische Kontrolle \u00fcber diese Verm\u00f6genswerte<\/strong> aus\u00fcben, sagte Strack-Zimmermann dem Nachrichtenmagazin. Angesichts der aktuellen internationalen Spannungen stelle dies ein wachsendes Risiko dar. \u201eVor diesem Hintergrund fordere ich die Bundesregierung auf, <strong>schnellstm\u00f6glich einen klaren Zeitplan zur vollst\u00e4ndigen R\u00fcckf\u00fchrung<\/strong> der deutschen Goldreserven nach Deutschland vorzulegen\u201c, sagte sie.<\/p>\n<p class=\"tspBHky\"><strong>Zudem m\u00fcssten Bundesbank und Finanzministerium eine transparente Risikobewertung vorlegen<\/strong>, die politische und rechtliche Risiken der Auslandslagerung differenziert darstelle, forderte die FDP-Politikerin. Der Bundestag m\u00fcsse in einer Sondersitzung \u00fcber die Zukunft der Reserven und die Sicherstellung der wirtschaftlichen Unabh\u00e4ngigkeit beraten.<\/p>\n<p> Weitere Stimmen f\u00fcr R\u00fcckholung <\/p>\n<p class=\"tspBHky\">Strack-Zimmermann steht mit ihrer Forderung nicht allein. <strong>Der fr\u00fchere Leiter der Forschungsabteilung der Bundesbank, Emanuel M\u00f6nch<\/strong>, <a href=\"https:\/\/www.tagesspiegel.de\/wirtschaft\/mogliches-druckmittel-fur-trump-wie-sicher-ist-das-bundesbank-gold-in-new-york-15168237.html?icid=in-text-link_15172031\" class=\"link link--internal\" data-gtm-class=\"article-text-link\" data-gtm-val=\"internal\" target=\"_blank\" rel=\"noopener\">sagte dem \u201eHandelsblatt\u201c<\/a>, es scheine \u201eaktuell riskant, so viel Gold in den USA zu lagern\u201c. Im Sinne einer \u201egr\u00f6\u00dferen strategischen Unabh\u00e4ngigkeit von den USA w\u00e4re die Bundesbank darum gut beraten, \u00fcber eine R\u00fcckholaktion nachzudenken\u201c.<\/p>\n<p><a href=\"https:\/\/www.tagesspiegel.de\/wirtschaft\/mogliches-druckmittel-fur-trump-wie-sicher-ist-das-bundesbank-gold-in-new-york-15168237.html?icid=single-topic_15172031___\" data-gtm-class=\"article-mzt-link\" class=\"tspCJn9\" target=\"_blank\" rel=\"noopener\">M\u00f6gliches Druckmittel f\u00fcr Trump Wie sicher ist das Bundesbank-Gold in New York?  <\/a><\/p>\n<p class=\"tspBHky\">Auch die <strong>finanzpolitische Sprecherin der Gr\u00fcnen im Bundestag, Katharina Beck<\/strong>, brachte eine Verlagerung ins Spiel. Die Goldreserven seien \u201eein wichtiger Stabilit\u00e4ts- und Vertrauensanker\u201c, sagte sie dem \u201eHandelsblatt\u201c. \u201eSie d\u00fcrfen auf keinen Fall zum Spielball geopolitischer Auseinandersetzungen werden.\u201c Solange US-Pr\u00e4sident Trump regiere, sei ein solches Szenario wohl am sichersten auszuschlie\u00dfen, \u201ewenn die Goldreserven ab jetzt in Deutschland verwahrt werden\u201c.<\/p>\n<p> Historische Gr\u00fcnde f\u00fcr Auslandslagerung <\/p>\n<p class=\"tspBHky\">Die Bundesbank lagert<strong> insgesamt 1236 Tonnen Gold<\/strong> bei der US-Notenbank Fed in New York. Seit Jahrzehnten befindet sich ein bedeutender Teil ihrer Goldbest\u00e4nde im Ausland \u2013 das habe sich \u201esich historisch und marktbedingt so ergeben, weil das Gold teilweise an diesen Handelspl\u00e4tzen an die Bundesbank \u00fcbertragen wurde\u201c, erkl\u00e4rt die Zentralbank.<\/p>\n<p class=\"tspBHky\">Im Wesentlichen <strong>baute die Bundesrepublik ihren Goldbestand w\u00e4hrend der Wirtschaftswunderjahre auf<\/strong>, als Deutschland einen enormen Leistungsbilanz\u00fcberschuss erwirtschaftete. Damals wurden die bilateralen \u00dcbersch\u00fcsse und Defizite jedes Landes \u00fcber die Europ\u00e4ische Zahlungsunion (EZU) mit den jeweiligen anderen L\u00e4ndern verrechnet. Gezahlt wurde in Dollar oder Gold. Die Bundesbank erhielt auf diese Weise nach eigenen Angaben ab 1951 bis zum Ende der EZU im Jahr 1958 \u201einsgesamt 48,7 Millionen Unzen Feingold\u201c.<\/p>\n<p class=\"tspBHky\"><strong>Zwischen 2013 und 2017 verlagerte die Bundesbank bereits einen Teil ihrer Goldbest\u00e4nde aus Paris und New York.<\/strong> Danach sollte die H\u00e4lfte des Goldes in Tresoren in der Bundesrepublik, die andere H\u00e4lfte bei der Fed und der Bank of England liegen. <\/p>\n<p>Wo liegen die deutschen Goldreserven?<\/p>\n<ul data-qa-hook=\"story-list-ul\" class=\"tspB3m0\">\n<li class=\"tspB3hx tspB3hx\"><strong>Deutsche Bundesbank<\/strong> in Frankfurt\/Main: <strong>1710 Tonnen<\/strong> (50,6 Prozent)<\/li>\n<li class=\"tspB3hx tspB3hx\"><strong>Federal Reserve<\/strong> in New York: <strong>1236 Tonnen<\/strong> (36,6 Prozent)<\/li>\n<li class=\"tspB3hx tspB3hx\"><strong>Bank of England<\/strong> in London: <strong>432 Tonnen<\/strong> (12,8 Prozent)<\/li>\n<\/ul>\n<p class=\"tspBHky\">Insgesamt belaufen sich die Goldreserven laut der Bundesbank auf 3378 Tonnen. (Quelle: Bundesbank, Stand: 23.08.2017)<\/p>\n<p class=\"tspBHky\">\u201eDie beiden wichtigsten Funktionen der Goldreserven sind die Vertrauensbildung im Inland und die M\u00f6glichkeit, binnen k\u00fcrzester Zeit Gold an Goldhandelspl\u00e4tzen im Ausland in Fremdw\u00e4hrungen umtauschen zu k\u00f6nnen\u201c, erkl\u00e4rte das damalige Bundesbank-Vorstandsmitglied Carl-Ludwig Thiele 2013.<\/p>\n<p> Bundesbank und Regierungsfraktionen lehnen ab <\/p>\n<p class=\"tspBHky\"><strong>Bundesbankpr\u00e4sident Joachim Nagel lehnt eine weitere Verlagerung aktuell aber ab<\/strong>, wie das \u201eHandelsblatt\u201c weiter berichtete. Unterst\u00fctzung erh\u00e4lt er von den Regierungsfraktionen im Bundestag. Der finanzpolitische Sprecher der Unionsfraktion, Fritz G\u00fcntzler (CDU), sagte der Zeitung, es sei weiter sinnvoll, einen Teil der Reserven in den USA zu lagern: \u201eIn der aktuellen Lage \u00f6ffentlichkeitswirksam \u00fcber einen Abzug der Goldreserven zu spekulieren, ist dagegen nicht f\u00f6rderlich.\u201c<\/p>\n<p class=\"tspBHky\">Die <strong>finanzpolitische Sprecherin der SPD-Fraktion, Frauke Heiligenstadt<\/strong>, kann Sorgen um die Goldreserven nach eigenen Angaben zwar nachvollziehen, <strong>r\u00e4t aber von \u201ePanik\u201c ab<\/strong>: \u201eDie deutschen Goldreserven sind gut diversifiziert angelegt.\u201c Die H\u00e4lfte liege in Frankfurt, \u201eso dass unsere Handlungsf\u00e4higkeit sichergestellt ist\u201c. Der Standort New York sei sinnvoll, denn \u201eDeutschland, Europa und die USA sind finanzpolitisch eng miteinander verbunden\u201c.<\/p>\n<p>Lesen Sie auch<a href=\"https:\/\/www.tagesspiegel.de\/politik\/hausarztin-uber-wachsende-krankenwelle-wir-haben-uns-diese-arbeitsunfahigkeit-selbst-herangezuchtet-15162547.html?icid=topic-list_15172031___\" data-gtm-class=\"article-mzt-link\" data-hydrate-fingerprint=\"09740a54944caac75fd2c0c63fd5c5df\" data-hydrate-props=\"{&amp;escapedquot;element&amp;escapedquot;:{&amp;escapedquot;type&amp;escapedquot;:&amp;escapedquot;relatedContent&amp;escapedquot;,&amp;escapedquot;fieldMap&amp;escapedquot;:{},&amp;escapedquot;relation&amp;escapedquot;:{&amp;escapedquot;fields&amp;escapedquot;:{&amp;escapedquot;isPaid&amp;escapedquot;:true},&amp;escapedquot;href&amp;escapedquot;:&amp;escapedquot;\/politik\/hausarztin-uber-wachsende-krankenwelle-wir-haben-uns-diese-arbeitsunfahigkeit-selbst-herangezuchtet-15162547.html&amp;escapedquot;,&amp;escapedquot;teaserTitle&amp;escapedquot;:{&amp;escapedquot;kicker&amp;escapedquot;:&amp;escapedquot;Haus\u00e4rztin \u00fcber wachsenden Krankenstand&amp;escapedquot;,&amp;escapedquot;headline&amp;escapedquot;:&amp;escapedquot;\u201eWir haben uns diese Arbeitsunf\u00e4higkeit selbst herangez\u00fcchtet\u201c&amp;escapedquot;},&amp;escapedquot;id&amp;escapedquot;:&amp;escapedquot;15162547&amp;escapedquot;,&amp;escapedquot;type&amp;escapedquot;:&amp;escapedquot;story&amp;escapedquot;},&amp;escapedquot;isPartOfList&amp;escapedquot;:true,&amp;escapedquot;topicListType&amp;escapedquot;:&amp;escapedquot;topic-list&amp;escapedquot;},&amp;escapedquot;showArrow&amp;escapedquot;:true}\" data-hydrate-slots=\"{&#039;default&#039;:[]}\" class=\"tspCJn9 tspCNoh\" target=\"_blank\" rel=\"noopener\">Haus\u00e4rztin \u00fcber wachsenden Krankenstand \u201eWir haben uns diese Arbeitsunf\u00e4higkeit selbst herangez\u00fcchtet\u201c <\/a><a href=\"https:\/\/www.tagesspiegel.de\/internationales\/nach-putins-gesprach-mit-kushner-und-witkoff-russland-stimmt-verhandlungen-in-abu-dhabi-zu-15169687.html?icid=topic-list_15172031___\" data-gtm-class=\"article-mzt-link\" data-hydrate-fingerprint=\"09740a54944caac75fd2c0c63fd5c5df\" data-hydrate-props=\"{&amp;escapedquot;element&amp;escapedquot;:{&amp;escapedquot;type&amp;escapedquot;:&amp;escapedquot;relatedContent&amp;escapedquot;,&amp;escapedquot;fieldMap&amp;escapedquot;:{},&amp;escapedquot;relation&amp;escapedquot;:{&amp;escapedquot;fields&amp;escapedquot;:{&amp;escapedquot;isPaid&amp;escapedquot;:null},&amp;escapedquot;href&amp;escapedquot;:&amp;escapedquot;\/internationales\/nach-putins-gesprach-mit-kushner-und-witkoff-russland-stimmt-verhandlungen-in-abu-dhabi-zu-15169687.html&amp;escapedquot;,&amp;escapedquot;teaserTitle&amp;escapedquot;:{&amp;escapedquot;kicker&amp;escapedquot;:&amp;escapedquot;Nach Putins Gespr\u00e4ch mit Kushner und Witkoff&amp;escapedquot;,&amp;escapedquot;headline&amp;escapedquot;:&amp;escapedquot;Russland stimmt Verhandlungen in Abu Dhabi zu&amp;escapedquot;},&amp;escapedquot;id&amp;escapedquot;:&amp;escapedquot;15169687&amp;escapedquot;,&amp;escapedquot;type&amp;escapedquot;:&amp;escapedquot;story&amp;escapedquot;},&amp;escapedquot;isPartOfList&amp;escapedquot;:true,&amp;escapedquot;topicListType&amp;escapedquot;:&amp;escapedquot;topic-list&amp;escapedquot;},&amp;escapedquot;showArrow&amp;escapedquot;:true}\" data-hydrate-slots=\"{&#039;default&#039;:[]}\" class=\"tspCJn9 tspCNoh\" target=\"_blank\" rel=\"noopener\">Nach Putins Gespr\u00e4ch mit Kushner und Witkoff Russland stimmt Verhandlungen in Abu Dhabi zu <\/a><a href=\"https:\/\/www.tagesspiegel.de\/internationales\/lander-aus-nahost-und-mehrere-monarchien-diese-staaten-wollen-bei-trumps-friedensrat-mitmachen-15167503.html?icid=topic-list_15172031___\" data-gtm-class=\"article-mzt-link\" data-hydrate-fingerprint=\"09740a54944caac75fd2c0c63fd5c5df\" data-hydrate-props=\"{&amp;escapedquot;element&amp;escapedquot;:{&amp;escapedquot;type&amp;escapedquot;:&amp;escapedquot;relatedContent&amp;escapedquot;,&amp;escapedquot;fieldMap&amp;escapedquot;:{},&amp;escapedquot;relation&amp;escapedquot;:{&amp;escapedquot;fields&amp;escapedquot;:{&amp;escapedquot;isPaid&amp;escapedquot;:null},&amp;escapedquot;href&amp;escapedquot;:&amp;escapedquot;\/internationales\/lander-aus-nahost-und-mehrere-monarchien-diese-staaten-wollen-bei-trumps-friedensrat-mitmachen-15167503.html&amp;escapedquot;,&amp;escapedquot;teaserTitle&amp;escapedquot;:{&amp;escapedquot;kicker&amp;escapedquot;:&amp;escapedquot;L\u00e4nder aus Nahost und mehrere Monarchien&amp;escapedquot;,&amp;escapedquot;headline&amp;escapedquot;:&amp;escapedquot;Diese Staaten wollen bei Trumps \u201eFriedensrat\u201c mitmachen&amp;escapedquot;},&amp;escapedquot;id&amp;escapedquot;:&amp;escapedquot;15167503&amp;escapedquot;,&amp;escapedquot;type&amp;escapedquot;:&amp;escapedquot;story&amp;escapedquot;},&amp;escapedquot;isPartOfList&amp;escapedquot;:true,&amp;escapedquot;topicListType&amp;escapedquot;:&amp;escapedquot;topic-list&amp;escapedquot;},&amp;escapedquot;showArrow&amp;escapedquot;:true}\" data-hydrate-slots=\"{&#039;default&#039;:[]}\" class=\"tspCJn9 tspCNoh\" target=\"_blank\" rel=\"noopener\">L\u00e4nder aus Nahost und mehrere Monarchien Diese Staaten wollen bei Trumps \u201eFriedensrat\u201c mitmachen <\/a><\/p>\n<p class=\"tspBHky\"><strong>Der Chef des Instituts der deutschen Wirtschaft (IW), Michael H\u00fcther, h\u00e4lt ebenfalls nichts von einer R\u00fcckholung.<\/strong> \u201eAus geldpolitischen Gr\u00fcnden kann es sinnvoll sein, das Gold f\u00fcr bestimmte Transaktionen in den USA zu belassen\u201c, <a href=\"https:\/\/rp-online.de\/wirtschaft\/finanzen\/gold-muss-die-bundesbank-gold-aus-den-usa-holen-iw-chef-huether-und-oekonomen_aid-142674567\" target=\"_blank\" rel=\"noopener\" class=\"link link--external\" data-gtm-class=\"article-text-link\" data-gtm-val=\"external\" aria-describedby=\"message-target-blank\">sagte H\u00fcther der \u201eRheinischen Post\u201c<\/a>. Mit einer R\u00fcckholung w\u00fcrde man Trump au\u00dferdem nicht beeindrucken. (Tsp\/AFP)<\/p>\n","protected":false},"excerpt":{"rendered":"Die FDP-Europapolitikerin Marie-Agnes Strack-Zimmermann dringt auf einen Abzug der deutschen Goldreserven aus den USA. \u201eIn einer Zeit wachsender&hellip;\n","protected":false},"author":2,"featured_media":740256,"comment_status":"","ping_status":"","sticky":false,"template":"","format":"standard","meta":{"footnotes":""},"categories":[3977],"tags":[331,332,1173,43,88475,106,187,13,14897,14,15,12,4017,4018,4016,64,4019,4020],"class_list":{"0":"post-740255","1":"post","2":"type-post","3":"status-publish","4":"format-standard","5":"has-post-thumbnail","7":"category-usa","8":"tag-aktuelle-nachrichten","9":"tag-aktuelle-news","10":"tag-bundesregierung","11":"tag-deutscher-bundestag","12":"tag-die-eu","13":"tag-donald-trump","14":"tag-fdp","15":"tag-headlines","16":"tag-marie-agnes-strack-zimmermann","17":"tag-nachrichten","18":"tag-news","19":"tag-schlagzeilen","20":"tag-united-states","21":"tag-united-states-of-america","22":"tag-us","23":"tag-usa","24":"tag-vereinigte-staaten","25":"tag-vereinigte-staaten-von-amerika"},"share_on_mastodon":{"url":"https:\/\/pubeurope.com\/@de\/115943603070459581","error":""},"_links":{"self":[{"href":"https:\/\/www.europesays.com\/de\/wp-json\/wp\/v2\/posts\/740255","targetHints":{"allow":["GET"]}}],"collection":[{"href":"https:\/\/www.europesays.com\/de\/wp-json\/wp\/v2\/posts"}],"about":[{"href":"https:\/\/www.europesays.com\/de\/wp-json\/wp\/v2\/types\/post"}],"author":[{"embeddable":true,"href":"https:\/\/www.europesays.com\/de\/wp-json\/wp\/v2\/users\/2"}],"replies":[{"embeddable":true,"href":"https:\/\/www.europesays.com\/de\/wp-json\/wp\/v2\/comments?post=740255"}],"version-history":[{"count":0,"href":"https:\/\/www.europesays.com\/de\/wp-json\/wp\/v2\/posts\/740255\/revisions"}],"wp:featuredmedia":[{"embeddable":true,"href":"https:\/\/www.europesays.com\/de\/wp-json\/wp\/v2\/media\/740256"}],"wp:attachment":[{"href":"https:\/\/www.europesays.com\/de\/wp-json\/wp\/v2\/media?parent=740255"}],"wp:term":[{"taxonomy":"category","embeddable":true,"href":"https:\/\/www.europesays.com\/de\/wp-json\/wp\/v2\/categories?post=740255"},{"taxonomy":"post_tag","embeddable":true,"href":"https:\/\/www.europesays.com\/de\/wp-json\/wp\/v2\/tags?post=740255"}],"curies":[{"name":"wp","href":"https:\/\/api.w.org\/{rel}","templated":true}]}}