{"id":740361,"date":"2026-01-23T10:02:15","date_gmt":"2026-01-23T10:02:15","guid":{"rendered":"https:\/\/www.europesays.com\/de\/740361\/"},"modified":"2026-01-23T10:02:15","modified_gmt":"2026-01-23T10:02:15","slug":"titanic-ausstellung-bleibt-bis-ende-mai-in-potsdamer-metropolishalle","status":"publish","type":"post","link":"https:\/\/www.europesays.com\/de\/740361\/","title":{"rendered":"Titanic-Ausstellung bleibt bis Ende Mai in Potsdamer Metropolishalle"},"content":{"rendered":"<p class=\"tspBHky tspBHkz\">Wegen des weiterhin gro\u00dfen Interesses wird die <a href=\"https:\/\/www.tagesspiegel.de\/potsdam\/landeshauptstadt\/kollision-mit-der-vergangenheit-das-erwartet-besucher-bei-der-titanic-ausstellung-in-babelsberg-14703923.html?icid=in-text-link_15172146\" class=\"link link--internal\" data-gtm-class=\"article-text-link\" data-gtm-val=\"internal\" target=\"_blank\" rel=\"noopener\">Titanic-Ausstellung in der Metropolis-Halle im Filmpark Babelsberg<\/a> verl\u00e4ngert. Sie kann nun bis einschlie\u00dflich 25. Mai besucht werden. Das teilten die Veranstalter mit. Besucherzahlen wurden nicht genannt.<\/p>\n<p>Potsdam Heute Newsletter<\/p>\n<p><img decoding=\"async\" src=\"https:\/\/www.europesays.com\/de\/wp-content\/uploads\/2025\/04\/pnn-widget.png\" alt=\"\" class=\"tspCTgx\"\/><\/p>\n<p class=\"tspCTo7\"> Der Newsletter aus der PNN-Chefredaktion. Wissen, was in Potsdam wichtig ist \u2014 kostenlos freitags in Ihrer Mailbox. <\/p>\n<p class=\"tspBHky\">Die Wanderausstellung f\u00fchrt zur\u00fcck ins Jahr 1912 und widmet sich neben der Technik und Geschichte der RMS Titanic auch den menschlichen Schicksalen rund um die tragische Jungfernfahrt mt dem Untergang des Schiffes am 12. April 1912. Die Schicksale werden \u00fcber pers\u00f6nliche Dokumente wie Briefe, Fotografien und biografische Hintergr\u00fcnde greifbar gemacht. So erinnert etwa ein Lederkoffer samt gut erhaltenen Papierdokumenten an einen Passagier der dritten Klasse.<\/p>\n<p><img decoding=\"async\" src=\"https:\/\/www.europesays.com\/de\/wp-content\/uploads\/2026\/01\/titanic-ausstellung-im-filmpark-babelsberg.jpeg\"   alt=\"Titanic-Ausstellung mit rund 200 geborgenen Originalobjekten im Filmpark Babelsberg. Kabine der ersten Klasse\" aria-labelledby=\"caption-14709863\" width=\"440\" height=\"330\" loading=\"lazy\" class=\"tspAYiq\"\/> Blick in den Nachbau einer luxuri\u00f6s ausgestatteten Kabine der Titanic. <\/p>\n<p class=\"tspAFga\"> \u00a9 Andreas Klaer PNN\/Andreas Klaer <\/p>\n<p class=\"tspBHky\">Gezeigt werden in verschiedenen nachgebildeten R\u00e4umen des Schiffes Original-Artefakte, die aus dem Wrack der Titanic geborgen wurden. Besucherinnen und Besucher k\u00f6nnen die ersten Stufen des Nachbaus der gro\u00dfen Freitreppe in Originalgr\u00f6\u00dfe selbst begehen und die immersive Galerie bietet ein 360-Grad-Erlebnis. Erg\u00e4nzende F\u00fchrungen k\u00f6nnen von G\u00e4sten gebucht werden, die noch mehr wissen m\u00f6chten. Auch nachgebaute Kabinen und begehbare G\u00e4nge sind Teil der Schau.<\/p>\n<p class=\"tspBHky\">Die Originalartefakte, die in der Ausstellung zu sehen sind, wurden bei mehreren Expeditionen zum Schiffwrack, das sich in bis zu 4000 Metern Tiefe am Grund des Atlantiks befindet, geborgen.  Dort war die Titanic mit einem Eisberg kollidiert. Der als unsinkbar geltende Luxusdampfer war zuvor als unsinkbar bezeichnet worden.<\/p>\n<p><img decoding=\"async\" src=\"https:\/\/www.europesays.com\/de\/wp-content\/uploads\/2026\/01\/1769162535_225_titanic-ausstellung-im-filmpark-babelsberg.jpeg\"   alt=\"Titanic-Ausstellung mit rund 200 geborgenen Originalobjekten im Filmpark Babelsberg.  Kabinengang 1.Klasse.\" aria-labelledby=\"caption-15172318\" width=\"440\" height=\"330\" loading=\"lazy\" class=\"tspAYiq\"\/> Der nachgebaute Kabinengang der 1. Klasse auf der Titanic. <\/p>\n<p class=\"tspAFga\"> \u00a9 Andreas Klaer PNN\/Andreas Klaer <\/p>\n<p class=\"tspBHky\">Die Ausstellung ist t\u00e4glich von zehn bis 19 Uhr ge\u00f6ffnet. Der Besuch dauert 60 bis 90 Minuten, die Projektion der Immersiven Galerie nimmt rund zehn Minuten in Anspruch. <\/p>\n<p>Lesen Sie auch<a href=\"https:\/\/www.tagesspiegel.de\/potsdam\/landeshauptstadt\/kollision-mit-der-vergangenheit-das-erwartet-besucher-bei-der-titanic-ausstellung-in-babelsberg-14703923.html?icid=topic-list_15172146___\" data-gtm-class=\"article-mzt-link\" data-hydrate-fingerprint=\"09740a54944caac75fd2c0c63fd5c5df\" data-hydrate-props=\"{&amp;escapedquot;element&amp;escapedquot;:{&amp;escapedquot;type&amp;escapedquot;:&amp;escapedquot;relatedContent&amp;escapedquot;,&amp;escapedquot;fieldMap&amp;escapedquot;:{},&amp;escapedquot;relation&amp;escapedquot;:{&amp;escapedquot;fields&amp;escapedquot;:{&amp;escapedquot;isPaid&amp;escapedquot;:true},&amp;escapedquot;href&amp;escapedquot;:&amp;escapedquot;\/potsdam\/landeshauptstadt\/kollision-mit-der-vergangenheit-das-erwartet-besucher-bei-der-titanic-ausstellung-in-babelsberg-14703923.html&amp;escapedquot;,&amp;escapedquot;teaserTitle&amp;escapedquot;:{&amp;escapedquot;kicker&amp;escapedquot;:&amp;escapedquot;Kollision mit der Vergangenheit&amp;escapedquot;,&amp;escapedquot;headline&amp;escapedquot;:&amp;escapedquot;Das erwartet Besucher bei der Titanic-Ausstellung in Potsdam&amp;escapedquot;},&amp;escapedquot;id&amp;escapedquot;:&amp;escapedquot;14703923&amp;escapedquot;,&amp;escapedquot;type&amp;escapedquot;:&amp;escapedquot;story&amp;escapedquot;},&amp;escapedquot;isPartOfList&amp;escapedquot;:true,&amp;escapedquot;topicListType&amp;escapedquot;:&amp;escapedquot;topic-list&amp;escapedquot;},&amp;escapedquot;showArrow&amp;escapedquot;:true}\" data-hydrate-slots=\"{&#039;default&#039;:[]}\" class=\"tspCJn9 tspCNoh\" target=\"_blank\" rel=\"noopener\">Kollision mit der Vergangenheit Das erwartet Besucher bei der Titanic-Ausstellung in Potsdam <\/a><a href=\"https:\/\/www.tagesspiegel.de\/potsdam\/landeshauptstadt\/wochenendtipps-fur-potsdam-max-goldt-salsa-nacht-und-tanz-durch-die-unterwelt-15169865.html?icid=topic-list_15172146___\" data-gtm-class=\"article-mzt-link\" data-hydrate-fingerprint=\"09740a54944caac75fd2c0c63fd5c5df\" data-hydrate-props=\"{&amp;escapedquot;element&amp;escapedquot;:{&amp;escapedquot;type&amp;escapedquot;:&amp;escapedquot;relatedContent&amp;escapedquot;,&amp;escapedquot;fieldMap&amp;escapedquot;:{},&amp;escapedquot;relation&amp;escapedquot;:{&amp;escapedquot;fields&amp;escapedquot;:{&amp;escapedquot;isPaid&amp;escapedquot;:true},&amp;escapedquot;href&amp;escapedquot;:&amp;escapedquot;\/potsdam\/landeshauptstadt\/wochenendtipps-fur-potsdam-max-goldt-salsa-nacht-und-tanz-durch-die-unterwelt-15169865.html&amp;escapedquot;,&amp;escapedquot;teaserTitle&amp;escapedquot;:{&amp;escapedquot;kicker&amp;escapedquot;:&amp;escapedquot;Wochenendtipps f\u00fcr Potsdam&amp;escapedquot;,&amp;escapedquot;headline&amp;escapedquot;:&amp;escapedquot;Max Goldt, Salsa-Nacht und Tanz durch die Unterwelt&amp;escapedquot;},&amp;escapedquot;id&amp;escapedquot;:&amp;escapedquot;15169865&amp;escapedquot;,&amp;escapedquot;type&amp;escapedquot;:&amp;escapedquot;story&amp;escapedquot;},&amp;escapedquot;isPartOfList&amp;escapedquot;:true,&amp;escapedquot;topicListType&amp;escapedquot;:&amp;escapedquot;topic-list&amp;escapedquot;},&amp;escapedquot;showArrow&amp;escapedquot;:true}\" data-hydrate-slots=\"{&#039;default&#039;:[]}\" class=\"tspCJn9 tspCNoh\" target=\"_blank\" rel=\"noopener\">Wochenendtipps f\u00fcr Potsdam Max Goldt, Salsa-Nacht und Tanz durch die Unterwelt <\/a><a href=\"https:\/\/www.tagesspiegel.de\/potsdam\/landeshauptstadt\/uni-potsdam-initiative-fordert-senkung-der-lehrstunden-15146996.html?icid=topic-list_15172146___\" data-gtm-class=\"article-mzt-link\" data-hydrate-fingerprint=\"09740a54944caac75fd2c0c63fd5c5df\" data-hydrate-props=\"{&amp;escapedquot;element&amp;escapedquot;:{&amp;escapedquot;type&amp;escapedquot;:&amp;escapedquot;relatedContent&amp;escapedquot;,&amp;escapedquot;fieldMap&amp;escapedquot;:{},&amp;escapedquot;relation&amp;escapedquot;:{&amp;escapedquot;fields&amp;escapedquot;:{&amp;escapedquot;isPaid&amp;escapedquot;:true},&amp;escapedquot;href&amp;escapedquot;:&amp;escapedquot;\/potsdam\/landeshauptstadt\/uni-potsdam-initiative-fordert-senkung-der-lehrstunden-15146996.html&amp;escapedquot;,&amp;escapedquot;teaserTitle&amp;escapedquot;:{&amp;escapedquot;kicker&amp;escapedquot;:&amp;escapedquot;\u201eLehre am Flie\u00dfband\u201c&amp;escapedquot;,&amp;escapedquot;headline&amp;escapedquot;:&amp;escapedquot;Potsdamer Uni-Initiative fordert Senkung der Lehrstunden&amp;escapedquot;},&amp;escapedquot;id&amp;escapedquot;:&amp;escapedquot;15146996&amp;escapedquot;,&amp;escapedquot;type&amp;escapedquot;:&amp;escapedquot;story&amp;escapedquot;},&amp;escapedquot;isPartOfList&amp;escapedquot;:true,&amp;escapedquot;topicListType&amp;escapedquot;:&amp;escapedquot;topic-list&amp;escapedquot;},&amp;escapedquot;showArrow&amp;escapedquot;:true}\" data-hydrate-slots=\"{&#039;default&#039;:[]}\" class=\"tspCJn9 tspCNoh\" target=\"_blank\" rel=\"noopener\">\u201eLehre am Flie\u00dfband\u201c Potsdamer Uni-Initiative fordert Senkung der Lehrstunden <\/a><\/p>\n<p class=\"tspBHky\">Die Tickets kosten wochentags 27 Euro, erm\u00e4\u00dfigt 22 Euro und am Wochenende 29 beziehungsweise 24 Euro. Kinder und Jugendliche bis 17 Jahre zahlen 17 Euro in der Woche und 19 Euro am Wochenende. Familien- und Gruppenkarten sind erh\u00e4ltlich. Das Parkhaus kostet drei Euro f\u00fcr drei Stunden. Weitere Informationen unter <a href=\"https:\/\/www.titanic-ausstellung.com\/\" target=\"_blank\" rel=\"noopener\" class=\"link link--external\" data-gtm-class=\"article-text-link\" data-gtm-val=\"external\" aria-describedby=\"message-target-blank\">titanic-ausstellung.com<\/a>.<\/p>\n","protected":false},"excerpt":{"rendered":"Wegen des weiterhin gro\u00dfen Interesses wird die Titanic-Ausstellung in der Metropolis-Halle im Filmpark Babelsberg verl\u00e4ngert. Sie kann nun&hellip;\n","protected":false},"author":2,"featured_media":740362,"comment_status":"","ping_status":"","sticky":false,"template":"","format":"standard","meta":{"footnotes":""},"categories":[1860],"tags":[2076,43922,11513,3364,29,548,663,3934,32323,30,4062,17332,13,1635,2264,14,15,137937,17331,860,12,31240,3866],"class_list":{"0":"post-740361","1":"post","2":"type-post","3":"status-publish","4":"format-standard","5":"has-post-thumbnail","7":"category-halle-saale","8":"tag-ausstellung","9":"tag-ausstellungen-in-potsdam","10":"tag-babelsberg-potsdam","11":"tag-de","12":"tag-deutschland","13":"tag-eu","14":"tag-europa","15":"tag-europe","16":"tag-freizeitpark","17":"tag-germany","18":"tag-halle","19":"tag-halle-saale","20":"tag-headlines","21":"tag-jugend","22":"tag-museum","23":"tag-nachrichten","24":"tag-news","25":"tag-potsdam-babelsberg","26":"tag-saale","27":"tag-sachsen-anhalt","28":"tag-schlagzeilen","29":"tag-seeschiff","30":"tag-veranstaltungen"},"share_on_mastodon":{"url":"https:\/\/pubeurope.com\/@de\/115943843168136741","error":""},"_links":{"self":[{"href":"https:\/\/www.europesays.com\/de\/wp-json\/wp\/v2\/posts\/740361","targetHints":{"allow":["GET"]}}],"collection":[{"href":"https:\/\/www.europesays.com\/de\/wp-json\/wp\/v2\/posts"}],"about":[{"href":"https:\/\/www.europesays.com\/de\/wp-json\/wp\/v2\/types\/post"}],"author":[{"embeddable":true,"href":"https:\/\/www.europesays.com\/de\/wp-json\/wp\/v2\/users\/2"}],"replies":[{"embeddable":true,"href":"https:\/\/www.europesays.com\/de\/wp-json\/wp\/v2\/comments?post=740361"}],"version-history":[{"count":0,"href":"https:\/\/www.europesays.com\/de\/wp-json\/wp\/v2\/posts\/740361\/revisions"}],"wp:featuredmedia":[{"embeddable":true,"href":"https:\/\/www.europesays.com\/de\/wp-json\/wp\/v2\/media\/740362"}],"wp:attachment":[{"href":"https:\/\/www.europesays.com\/de\/wp-json\/wp\/v2\/media?parent=740361"}],"wp:term":[{"taxonomy":"category","embeddable":true,"href":"https:\/\/www.europesays.com\/de\/wp-json\/wp\/v2\/categories?post=740361"},{"taxonomy":"post_tag","embeddable":true,"href":"https:\/\/www.europesays.com\/de\/wp-json\/wp\/v2\/tags?post=740361"}],"curies":[{"name":"wp","href":"https:\/\/api.w.org\/{rel}","templated":true}]}}