{"id":740383,"date":"2026-01-23T10:15:10","date_gmt":"2026-01-23T10:15:10","guid":{"rendered":"https:\/\/www.europesays.com\/de\/740383\/"},"modified":"2026-01-23T10:15:10","modified_gmt":"2026-01-23T10:15:10","slug":"tp-link-diese-sicherheitskameras-sind-unsicher","status":"publish","type":"post","link":"https:\/\/www.europesays.com\/de\/740383\/","title":{"rendered":"TP-Link: Diese Sicherheitskameras sind unsicher"},"content":{"rendered":"<p>Berlin (dpa\/tmn) &#8211; Bei mehr als 50 \u00dcberwachungskamera-Modellen des Herstellers TP-Link besteht wegen einer Sicherheitsl\u00fccke mit hohem Risiko Handlungsbedarf. Betroffene sind verschiedenste Ger\u00e4te aus der \u00abVIGI\u00bb-Serie.<\/p>\n<p>Das Problem: Angreifer mit Zugriff auf das lokale Netzwerk k\u00f6nnten ohne weiteres das Kamera-Passwort \u00e4ndern und die Kamera fortan auch aus der Ferne steuern.<\/p>\n<p>Ist die eigene Kamera betroffen? &#8211; Firmware-Update herunterladen<\/p>\n<p>Wer eine \u00abVIGI\u00bb-Kamera von TP-Link besitzt, kann auf der Sicherheitshinweis-Seite des Unternehmens <a class=\"externalLink\" href=\"https:\/\/www.tp-link.com\/us\/support\/faq\/4906\/\" target=\"_blank\" rel=\"noopener\">nachschauen<\/a>, ob das eigene Modell von der Schwachstelle betroffen ist.<\/p>\n<p>Ist das der Fall, l\u00e4dt man auf der <a class=\"externalLink\" href=\"https:\/\/www.vigi.com\/de\/support\/download\/\" target=\"_blank\" rel=\"noopener\">Support-Seite<\/a> von TP-Link die aktuellste Ger\u00e4tesoftware (Firmware) f\u00fcr die Kamera herunter, in der die Sicherheitsl\u00fccke bereits geschlossen wurde, und installiert diese.<\/p>\n","protected":false},"excerpt":{"rendered":"Berlin (dpa\/tmn) &#8211; Bei mehr als 50 \u00dcberwachungskamera-Modellen des Herstellers TP-Link besteht wegen einer Sicherheitsl\u00fccke mit hohem Risiko&hellip;\n","protected":false},"author":2,"featured_media":740384,"comment_status":"","ping_status":"","sticky":false,"template":"","format":"standard","meta":{"footnotes":""},"categories":[1843],"tags":[169519,169520,169521,1743,3364,29,49949,30,5331,198,7058,8970,1209,4585,194,3795,8662,8665,1314,5329,1463],"class_list":{"0":"post-740383","1":"post","2":"type-post","3":"status-publish","4":"format-standard","5":"has-post-thumbnail","7":"category-muenster","8":"tag-sicherheitslcken","9":"tag-tp-link","10":"tag-vigi","11":"tag-datenschutz","12":"tag-de","13":"tag-deutschland","14":"tag-firmware","15":"tag-germany","16":"tag-immobilien","17":"tag-internet","18":"tag-kameras","19":"tag-muenster","20":"tag-nordrhein-westfalen","21":"tag-software","22":"tag-technik","23":"tag-telekommunikation","24":"tag-tmn1130","25":"tag-tpds","26":"tag-updates","27":"tag-video","28":"tag-wohnen"},"share_on_mastodon":{"url":"https:\/\/pubeurope.com\/@de\/115943894136497076","error":""},"_links":{"self":[{"href":"https:\/\/www.europesays.com\/de\/wp-json\/wp\/v2\/posts\/740383","targetHints":{"allow":["GET"]}}],"collection":[{"href":"https:\/\/www.europesays.com\/de\/wp-json\/wp\/v2\/posts"}],"about":[{"href":"https:\/\/www.europesays.com\/de\/wp-json\/wp\/v2\/types\/post"}],"author":[{"embeddable":true,"href":"https:\/\/www.europesays.com\/de\/wp-json\/wp\/v2\/users\/2"}],"replies":[{"embeddable":true,"href":"https:\/\/www.europesays.com\/de\/wp-json\/wp\/v2\/comments?post=740383"}],"version-history":[{"count":0,"href":"https:\/\/www.europesays.com\/de\/wp-json\/wp\/v2\/posts\/740383\/revisions"}],"wp:featuredmedia":[{"embeddable":true,"href":"https:\/\/www.europesays.com\/de\/wp-json\/wp\/v2\/media\/740384"}],"wp:attachment":[{"href":"https:\/\/www.europesays.com\/de\/wp-json\/wp\/v2\/media?parent=740383"}],"wp:term":[{"taxonomy":"category","embeddable":true,"href":"https:\/\/www.europesays.com\/de\/wp-json\/wp\/v2\/categories?post=740383"},{"taxonomy":"post_tag","embeddable":true,"href":"https:\/\/www.europesays.com\/de\/wp-json\/wp\/v2\/tags?post=740383"}],"curies":[{"name":"wp","href":"https:\/\/api.w.org\/{rel}","templated":true}]}}