{"id":740442,"date":"2026-01-23T10:49:10","date_gmt":"2026-01-23T10:49:10","guid":{"rendered":"https:\/\/www.europesays.com\/de\/740442\/"},"modified":"2026-01-23T10:49:10","modified_gmt":"2026-01-23T10:49:10","slug":"auch-lok-leipzig-muss-zittern-spielabsage-im-fussball-osten-sport","status":"publish","type":"post","link":"https:\/\/www.europesays.com\/de\/740442\/","title":{"rendered":"Auch Lok Leipzig muss zittern: Spielabsage im Fu\u00dfball-Osten | Sport"},"content":{"rendered":"<p><a class=\"skip-content skip-content--link\" href=\"#in-content-skip-link-target-v-0-0\">TTS-Player \u00fcberspringen\u21b5<\/a><a id=\"in-content-skip-link-target-v-0-0\" class=\"skip-content--target-link-hidden skip-content skip-content--target-link\" href=\"#in-content-skip-link-target-v-0-0\">Artikel weiterlesen<\/a><\/p>\n<p><b>Das musste man bef\u00fcrchten.<\/b><\/p>\n<p>Spielabsage im Fu\u00dfball-Osten! In der Regionalliga Nordost war am Samstag eigentlich der Nachholer zwischen dem ZFC Meuselwitz und Aufsteiger BFC Preussen geplant. Doch nix geht in der Bluechip-Arena auf der Glaserkuppe des ZFC Meuselwitz. \u201eDer NOFV hat das Regionalligaspiel ZFC Meuselwitz gegen den BFC Preussen, das am Samstag, dem 24.01.2026, stattfinden sollte, aufgrund der witterungsbedingten Unbespielbarkeit des Platzes abgesagt\u201c, teilte der ZFC mit.<\/p>\n<p>Spiel von Lok Leipzig in Meuselwitz in Gefahr<\/p>\n<p>Auf BILD-Nachfrage sagte Pr\u00e4sident Hubert Wolf: \u201eEs w\u00e4re aufgrund der Verletzungsgefahr der Spieler unverantwortlich gewesen. Wir hatten in den letzten beiden N\u00e4chten Temperaturen von minus 12 Grad. Der Rasen ist kn\u00fcppelhart gefroren. Man bekommt nicht einmal die Eckfahnen in den Boden.\u201c Schade f\u00fcr den ZFC, der sich so bereits auf den Kracher gegen Spitzenreiter <a href=\"https:\/\/www.bild.de\/sport\/fussball\/lok-leipzig\/home-80643548.bild.html\" class=\"text-link\" target=\"_blank\" rel=\"noopener\">Lok Leipzig<\/a> am 31. Januar h\u00e4tte einspielen k\u00f6nnen.<\/p>\n<p>Mehr zum Thema<\/p>\n<p>Denn in der kommenden Woche beginnt die Regionalliga Nordost mit dem Rest der R\u00fcckrunde und dem regul\u00e4ren Spielbetrieb. Wenn es die Witterung zul\u00e4sst. Wolf selbst sagt: \u201eAktuell fehlt mir die Fantasie, dass das Spiel gegen Lok stattfinden kann. In der n\u00e4chsten Woche erwarten wir ja auch noch Schnee. Und da es f\u00fcr Lok ja um einiges geht, wollen wir auch f\u00fcr faire Spielbedingungen sorgen.\u201c<\/p>\n","protected":false},"excerpt":{"rendered":"TTS-Player \u00fcberspringen\u21b5Artikel weiterlesen Das musste man bef\u00fcrchten. Spielabsage im Fu\u00dfball-Osten! In der Regionalliga Nordost war am Samstag eigentlich&hellip;\n","protected":false},"author":2,"featured_media":740443,"comment_status":"","ping_status":"","sticky":false,"template":"","format":"standard","meta":{"footnotes":""},"categories":[1832],"tags":[3364,29,30,71,3457,3459,3458,859,4580,3460,45,12439],"class_list":{"0":"post-740442","1":"post","2":"type-post","3":"status-publish","4":"format-standard","5":"has-post-thumbnail","7":"category-leipzig","8":"tag-de","9":"tag-deutschland","10":"tag-germany","11":"tag-leipzig","12":"tag-lok-leipzig","13":"tag-regionalliga","14":"tag-regionalliga-nordost","15":"tag-sachsen","16":"tag-schmidt-andre","17":"tag-sport-leuchtturm-leipzig","18":"tag-texttospeech","19":"tag-zfc-meuselwitz"},"share_on_mastodon":{"url":"https:\/\/pubeurope.com\/@de\/115944027930418338","error":""},"_links":{"self":[{"href":"https:\/\/www.europesays.com\/de\/wp-json\/wp\/v2\/posts\/740442","targetHints":{"allow":["GET"]}}],"collection":[{"href":"https:\/\/www.europesays.com\/de\/wp-json\/wp\/v2\/posts"}],"about":[{"href":"https:\/\/www.europesays.com\/de\/wp-json\/wp\/v2\/types\/post"}],"author":[{"embeddable":true,"href":"https:\/\/www.europesays.com\/de\/wp-json\/wp\/v2\/users\/2"}],"replies":[{"embeddable":true,"href":"https:\/\/www.europesays.com\/de\/wp-json\/wp\/v2\/comments?post=740442"}],"version-history":[{"count":0,"href":"https:\/\/www.europesays.com\/de\/wp-json\/wp\/v2\/posts\/740442\/revisions"}],"wp:featuredmedia":[{"embeddable":true,"href":"https:\/\/www.europesays.com\/de\/wp-json\/wp\/v2\/media\/740443"}],"wp:attachment":[{"href":"https:\/\/www.europesays.com\/de\/wp-json\/wp\/v2\/media?parent=740442"}],"wp:term":[{"taxonomy":"category","embeddable":true,"href":"https:\/\/www.europesays.com\/de\/wp-json\/wp\/v2\/categories?post=740442"},{"taxonomy":"post_tag","embeddable":true,"href":"https:\/\/www.europesays.com\/de\/wp-json\/wp\/v2\/tags?post=740442"}],"curies":[{"name":"wp","href":"https:\/\/api.w.org\/{rel}","templated":true}]}}