{"id":740492,"date":"2026-01-23T11:16:19","date_gmt":"2026-01-23T11:16:19","guid":{"rendered":"https:\/\/www.europesays.com\/de\/740492\/"},"modified":"2026-01-23T11:16:19","modified_gmt":"2026-01-23T11:16:19","slug":"valentinos-letzter-abschied-stars-ehren-modeikone-in-rom-unterhaltung","status":"publish","type":"post","link":"https:\/\/www.europesays.com\/de\/740492\/","title":{"rendered":"Valentinos letzter Abschied: Stars ehren Modeikone in Rom | Unterhaltung"},"content":{"rendered":"<p><a class=\"skip-content skip-content--link\" href=\"#in-content-skip-link-target-v-0-0\">TTS-Player \u00fcberspringen\u21b5<\/a><a id=\"in-content-skip-link-target-v-0-0\" class=\"skip-content--target-link-hidden skip-content skip-content--target-link\" href=\"#in-content-skip-link-target-v-0-0\">Artikel weiterlesen<\/a><\/p>\n<p>Rom (Italien) \u2013\u00a0<b>Er war einer der beliebten Modedesigner der Reichen und Sch\u00f6nen. Am heutigen Freitag wird Valentino Garavani (\u202093) in Rom beigesetzt. Die Zeremonie findet in der Basilika Santa Maria degli Angeli e dei Martiri statt. Unter den Trauerg\u00e4sten: Kult-Model Liz Hurley (60) und Hollywoodschauspielerin Anne Hathaway (43).<\/b><\/p>\n<p>Valentino war <a href=\"https:\/\/www.bild.de\/unterhaltung\/stars-und-leute\/italiener-starb-mit-93-jahren-designer-valentino-ist-tot-696e639c097bff851af64c93\" class=\"text-link\" target=\"_blank\" rel=\"noopener\">am 19. Januar<\/a> in seiner Villa in Rom gestorben. Schlief friedlich im Kreise seiner Lieben ein, wie es in einer Erkl\u00e4rung seiner Stiftung hie\u00df. Zwei Tage war der Leichnam in Rom aufgebahrt gewesen. Nun nehmen Weggef\u00e4hrten und Stars in Italiens Hauptstadt Abschied.<\/p>\n<p><img decoding=\"async\" width=\"992\" height=\"1488\" alt=\"Valentino Garavani bei einer Veranstaltung in London im Dezember 2018\" src=\"https:\/\/www.europesays.com\/de\/wp-content\/uploads\/2026\/01\/746b662c73b0e792de637110c9843aaf,f0e6d244.jpeg\"   class=\"dynamic\" loading=\"lazy\"\/><\/p>\n<p class=\"fig__caption__text\">Valentino Garavani bei einer Veranstaltung in London im Dezember 2018 <\/p>\n<p>Foto: DANIEL LEAL\/AFP<\/p>\n<p>Stars bei der Trauerfeier f\u00fcr Valentino<\/p>\n<p>Ebenfalls angereist, um Valentino die letzte Ehre zu erweisen: Die gro\u00dfen K\u00f6pfe der Fashion-Industrie. Unter anderem Ex-\u201eVogue\u201c-Chefin Anna Wintour (76), die Modemacher Donatella Versace (70), Tom Ford (64) und Brunello Cucinelli (72). Auf dem Platz vor der Basilika versammelten sich bei Sonnenschein und rund 15 Grad Celsius rund 1000 Schaulustige.<\/p>\n<p>Valentino hinterl\u00e4sst ein riesiges kreatives Erbe. Er pr\u00e4gte mehrere Generationen von Designerinnen und Designern und brachte unz\u00e4hlige spektakul\u00e4re Couture-Kollektionen auf die Weltb\u00fchne. Die Farbe Rot wurde zum Markenzeichen seiner Sch\u00f6pfungen. Jahrzehntelang wurden seine Kleider von Hollywood-Stars wie Elisabeth Taylor (\u202079) und <a href=\"https:\/\/www.bild.de\/themen\/personen\/julia-roberts\/kinofilme-hollywood-star-videos-fotos-news-15804316.bild.html\" class=\"text-link\" target=\"_blank\" rel=\"noopener\">Julia Roberts<\/a> (58) getragen, der Jetset liebte seine Mode. <\/p>\n<p><img decoding=\"async\" width=\"992\" height=\"661\" alt=\"Anne Hathaway (43) mit Ehemann Adam Shulman (44). \u201eIn den vergangenen 20 Jahren war es mir eine au\u00dferordentliche Ehre, den gro\u00dfartigen Valentino (...) gekannt zu haben und von ihm umsorgt worden zu sein\u201c, schrieb sie bei Instagram\" src=\"https:\/\/www.europesays.com\/de\/wp-content\/uploads\/2026\/01\/755ec1c7cdcb5b92d3072b85baadcdca,9f209475.jpeg\"   class=\"dynamic\" loading=\"lazy\"\/><\/p>\n<p class=\"fig__caption__text\">Anne Hathaway (43) mit Ehemann Adam Shulman (44). \u201eIn den vergangenen 20 Jahren war es mir eine au\u00dferordentliche Ehre, den gro\u00dfartigen Valentino gekannt zu haben und von ihm umsorgt worden zu sein\u201c, schrieb sie bei Instagram<\/p>\n<p>Foto: STEFANO RELLANDINI\/AFP<\/p>\n<p><img decoding=\"async\" width=\"992\" height=\"604\" alt=\"Der Sarg mit dem Leichnam des Modesch\u00f6pfers wird in die Basilika Santa Maria degli Angeli e dei Martiri getragen\" src=\"https:\/\/www.europesays.com\/de\/wp-content\/uploads\/2026\/01\/af66128010d80d291b3d2d9786fa25ac,f9ce9141.jpeg\"   class=\"dynamic\" loading=\"lazy\"\/><\/p>\n<p class=\"fig__caption__text\">Der Sarg mit dem Leichnam des Modesch\u00f6pfers wird in die Basilika getragen<\/p>\n<p>Foto: Stefano Laura\/BILD<\/p>\n<p>Valentinos Roben haben unz\u00e4hlige Oscar-Verleihungen geziert, insbesondere im Jahr 2001, als Roberts einen Vintage-Dress in Schwarz und Wei\u00df trug, um ihre Statue als beste Schauspielerin entgegenzunehmen. Auch Filmstar <a href=\"https:\/\/www.bild.de\/themen\/personen\/cate-blanchett\/filme-nachrichten-fotos-videos-15783992.bild.html\" class=\"text-link\" target=\"_blank\" rel=\"noopener\">Cate Blanchett<\/a> (56) trug ein einseitiges Valentino-Kleid aus buttergelber Seide, als sie 2005 den Oscar als beste Nebendarstellerin gewann. Ende der 90er verkaufte Valentino sein Unternehmen. Der neue Vertrag setzte ihn aber weiterhin als Berater und Chefdesigner ein. 2008 zog er sich aus dem Berufsleben zur\u00fcck. <\/p>\n<p><img decoding=\"async\" width=\"992\" height=\"641\" alt=\"Donatella Versace (70) im\" src=\"https:\/\/www.europesays.com\/de\/wp-content\/uploads\/2026\/01\/61aa4cb86a04f396d73907b216ce7f87,983c98d3.jpeg\"   class=\"dynamic\" loading=\"lazy\"\/><\/p>\n<p class=\"fig__caption__text\">Auch Donatella Versace (70) kam, um sich von Valentino zu verabschieden <\/p>\n<p>Foto: Getty Images<\/p>\n<p>Valentino Garavani wurde 1932 im italienischen Voghera geboren. In den 1950er-Jahren arbeitete er f\u00fcr einige der gr\u00f6\u00dften Namen der Modebranche, darunter der griechische Couturier Jean Dess\u00e8s sowie der franz\u00f6sische Designer Guy Laroche. W\u00e4hrend seiner Zeit in Paris lernte Garavani den damaligen Studenten Giancarlo Giammetti (heute 83) kennen. <\/p>\n<p>Aus der Begegnung entwickelte sich nicht nur eine Liebesbeziehung, sondern auch eine au\u00dfergew\u00f6hnlich erfolgreiche Partnerschaft in der Branche. Das Duo feierte \u00fcber mehr als 50 Jahre hinweg gro\u00dfe Erfolge. Ihre private Beziehung endete jedoch bereits vor mehreren Jahrzehnten.<\/p>\n<p><img decoding=\"async\" width=\"992\" height=\"558\" alt=\"Ex-\u201eVogue\u201c-Chefin Anna Wintour (76) trauert um Valentino\" src=\"https:\/\/www.europesays.com\/de\/wp-content\/uploads\/2026\/01\/9bf600646762a8e1cfafae8bc47800cc,b6624427.jpeg\"   class=\"landscape\" loading=\"lazy\"\/><\/p>\n<p class=\"fig__caption__text\">Ex-\u201eVogue\u201c-Chefin Anna Wintour (76) trauert um Valentino<\/p>\n<p>Foto: STEFANO RELLANDINI\/AFP<\/p>\n<p><img decoding=\"async\" width=\"992\" height=\"643\" alt=\"In der Basilika Santa Maria degli Angeli e dei Martiri findet die Trauerzeremonie statt\" src=\"https:\/\/www.europesays.com\/de\/wp-content\/uploads\/2026\/01\/817204220241dc2ac07186505ce6185e,120ee451.jpeg\"   class=\"dynamic\" loading=\"lazy\"\/><\/p>\n<p class=\"fig__caption__text\">In der Basilika Santa Maria degli Angeli e dei Martiri findet die Trauerzeremonie statt<\/p>\n<p>Foto: IMAGO\/Independent Photo Agency Int.<\/p>\n","protected":false},"excerpt":{"rendered":"TTS-Player \u00fcberspringen\u21b5Artikel weiterlesen Rom (Italien) \u2013\u00a0Er war einer der beliebten Modedesigner der Reichen und Sch\u00f6nen. Am heutigen Freitag&hellip;\n","protected":false},"author":2,"featured_media":740493,"comment_status":"","ping_status":"","sticky":false,"template":"","format":"standard","meta":{"footnotes":""},"categories":[155],"tags":[20049,29,214,30,11110,3583,2707,31623,138370,45,215,349],"class_list":{"0":"post-740492","1":"post","2":"type-post","3":"status-publish","4":"format-standard","5":"has-post-thumbnail","7":"category-unterhaltung","8":"tag-awards","9":"tag-deutschland","10":"tag-entertainment","11":"tag-germany","12":"tag-kleider","13":"tag-oscar","14":"tag-promi","15":"tag-roter-teppich","16":"tag-team-first","17":"tag-texttospeech","18":"tag-unterhaltung","19":"tag-versace"},"share_on_mastodon":{"url":"https:\/\/pubeurope.com\/@de\/115944134284567924","error":""},"_links":{"self":[{"href":"https:\/\/www.europesays.com\/de\/wp-json\/wp\/v2\/posts\/740492","targetHints":{"allow":["GET"]}}],"collection":[{"href":"https:\/\/www.europesays.com\/de\/wp-json\/wp\/v2\/posts"}],"about":[{"href":"https:\/\/www.europesays.com\/de\/wp-json\/wp\/v2\/types\/post"}],"author":[{"embeddable":true,"href":"https:\/\/www.europesays.com\/de\/wp-json\/wp\/v2\/users\/2"}],"replies":[{"embeddable":true,"href":"https:\/\/www.europesays.com\/de\/wp-json\/wp\/v2\/comments?post=740492"}],"version-history":[{"count":0,"href":"https:\/\/www.europesays.com\/de\/wp-json\/wp\/v2\/posts\/740492\/revisions"}],"wp:featuredmedia":[{"embeddable":true,"href":"https:\/\/www.europesays.com\/de\/wp-json\/wp\/v2\/media\/740493"}],"wp:attachment":[{"href":"https:\/\/www.europesays.com\/de\/wp-json\/wp\/v2\/media?parent=740492"}],"wp:term":[{"taxonomy":"category","embeddable":true,"href":"https:\/\/www.europesays.com\/de\/wp-json\/wp\/v2\/categories?post=740492"},{"taxonomy":"post_tag","embeddable":true,"href":"https:\/\/www.europesays.com\/de\/wp-json\/wp\/v2\/tags?post=740492"}],"curies":[{"name":"wp","href":"https:\/\/api.w.org\/{rel}","templated":true}]}}