{"id":740541,"date":"2026-01-23T11:42:12","date_gmt":"2026-01-23T11:42:12","guid":{"rendered":"https:\/\/www.europesays.com\/de\/740541\/"},"modified":"2026-01-23T11:42:12","modified_gmt":"2026-01-23T11:42:12","slug":"hoerspiel-winterlied-vier-frauen-und-ein-krieg-der-ungewollt-ihrer-ist-medien","status":"publish","type":"post","link":"https:\/\/www.europesays.com\/de\/740541\/","title":{"rendered":"H\u00f6rspiel \u201eWinterlied\u201c: Vier Frauen und ein Krieg, der ungewollt ihrer ist. &#8211; Medien"},"content":{"rendered":"<p data-manual=\"paragraph\" data-schema-org-speakable=\"true\" class=\"css-1ygz9cx\">In Warschau laufen die F\u00e4den zusammen. Im Kulturpalast der polnischen Hauptstadt sind die meisten Aufnahmen f\u00fcr Jochen Langners H\u00f6rspiel \u201eWinterlied\u201c entstanden, zwei der vier Protagonistinnen leben dort im Exil. Der Schauspieler und Regisseur hat die Frauen von Herbst 2023 an eineinhalb Jahre lang immer wieder getroffen, mit ihnen gesprochen\u00a0\u2013 einzeln. Sie kommen urspr\u00fcnglich aus Russland, Belarus, der <a href=\"https:\/\/www.sueddeutsche.de\/thema\/Ukraine\" rel=\"nofollow noopener\" target=\"_blank\">Ukraine<\/a>. Alles Nachbarl\u00e4nder\u00a0Polens. Ein Miteinander der Frauen ist jedoch nicht m\u00f6glich. Nicht seitdem Russland die Ukraine \u00fcberfallen hat und auch von Belarus aus Raketen in Richtung Kiew abgefeuert worden sind.<\/p>\n","protected":false},"excerpt":{"rendered":"In Warschau laufen die F\u00e4den zusammen. Im Kulturpalast der polnischen Hauptstadt sind die meisten Aufnahmen f\u00fcr Jochen Langners&hellip;\n","protected":false},"author":2,"featured_media":740542,"comment_status":"","ping_status":"","sticky":false,"template":"","format":"standard","meta":{"footnotes":"","_share_on_mastodon":"0"},"categories":[4013],"tags":[331,332,169555,147,11879,13,99,62,14,15,169554,83,4043,4044,850,307,12,149,317],"class_list":["post-740541","post","type-post","status-publish","format-standard","has-post-thumbnail","category-russland","tag-aktuelle-nachrichten","tag-aktuelle-news","tag-ard-audiothek","tag-ausland","tag-deutschlandfunk","tag-headlines","tag-hoerspiele","tag-medien","tag-nachrichten","tag-news","tag-podcast-tipps","tag-radio","tag-russia","tag-russian-federation","tag-russische-foederation","tag-russland","tag-schlagzeilen","tag-sueddeutsche-zeitung","tag-ukraine"],"share_on_mastodon":{"url":"https:\/\/pubeurope.com\/@de\/115944236325758438","error":""},"_links":{"self":[{"href":"https:\/\/www.europesays.com\/de\/wp-json\/wp\/v2\/posts\/740541","targetHints":{"allow":["GET"]}}],"collection":[{"href":"https:\/\/www.europesays.com\/de\/wp-json\/wp\/v2\/posts"}],"about":[{"href":"https:\/\/www.europesays.com\/de\/wp-json\/wp\/v2\/types\/post"}],"author":[{"embeddable":true,"href":"https:\/\/www.europesays.com\/de\/wp-json\/wp\/v2\/users\/2"}],"replies":[{"embeddable":true,"href":"https:\/\/www.europesays.com\/de\/wp-json\/wp\/v2\/comments?post=740541"}],"version-history":[{"count":0,"href":"https:\/\/www.europesays.com\/de\/wp-json\/wp\/v2\/posts\/740541\/revisions"}],"wp:featuredmedia":[{"embeddable":true,"href":"https:\/\/www.europesays.com\/de\/wp-json\/wp\/v2\/media\/740542"}],"wp:attachment":[{"href":"https:\/\/www.europesays.com\/de\/wp-json\/wp\/v2\/media?parent=740541"}],"wp:term":[{"taxonomy":"category","embeddable":true,"href":"https:\/\/www.europesays.com\/de\/wp-json\/wp\/v2\/categories?post=740541"},{"taxonomy":"post_tag","embeddable":true,"href":"https:\/\/www.europesays.com\/de\/wp-json\/wp\/v2\/tags?post=740541"}],"curies":[{"name":"wp","href":"https:\/\/api.w.org\/{rel}","templated":true}]}}