{"id":740551,"date":"2026-01-23T11:48:11","date_gmt":"2026-01-23T11:48:11","guid":{"rendered":"https:\/\/www.europesays.com\/de\/740551\/"},"modified":"2026-01-23T11:48:11","modified_gmt":"2026-01-23T11:48:11","slug":"spanischer-ministerpraesident-erklaert-euronews-dass-die-eu-eine-europaeische-armee-schaffen-muss","status":"publish","type":"post","link":"https:\/\/www.europesays.com\/de\/740551\/","title":{"rendered":"Spanischer Ministerpr\u00e4sident erkl\u00e4rt Euronews, dass die EU eine europ\u00e4ische Armee schaffen muss"},"content":{"rendered":"<p>Der Chef der spanischen Diplomatie, Jos\u00e9 Manuel Albares, sagte in einem Interview mit Euronews am Rande des Weltwirtschaftsforums in Davos, dass die EU fest hinter ihren Werten stehen sollte, da einige L\u00e4nder mit dem Einsatz von Gewalt als Au\u00dfenpolitik drohen.<\/p>\n<p>Er rief Europa dazu auf, die volle Kontrolle \u00fcber seine eigene Sicherheit zu \u00fcbernehmen und argumentierte, dass sich der Kontinent in einer Zeit des wachsenden geopolitischen Drucks und der Unsicherheit in den transatlantischen Beziehungen &#8222;in Richtung einer europ\u00e4ischen Armee&#8220; bewegen m\u00fcsse.<\/p>\n<p>&#8222;Wenn wir weiterhin ein friedlicher Kontinent sein wollen (&#8230;), m\u00fcssen wir die Abschreckung in der Hand haben, und wir brauchen erstens eine Koalition der Willigen f\u00fcr die europ\u00e4ische Sicherheit, zweitens eine Integration unserer Verteidigungsindustrien und schlie\u00dflich eine europ\u00e4ische Armee.&#8220;<\/p>\n<p>Albares r\u00e4umte ein, dass fr\u00fchere Versuche, eine gemeinsame europ\u00e4ische Verteidigungsarmee zu schaffen, gescheitert seien, argumentierte aber, dass der heutige Kontext ein anderer sei.<\/p>\n<p>Er f\u00fcgte hinzu, dass Europa seiner Meinung nach seinen Binnenmarkt vollenden, die Instrumente gegen Handel und wirtschaftlichen Zwang st\u00e4rken und sicherstellen m\u00fcsse, dass europ\u00e4ische Unternehmen im globalen Wettbewerb bestehen k\u00f6nnen.<\/p>\n<p>EU erw\u00e4gt Antwort auf Trump-unterst\u00fctztes Peace Board<\/p>\n<p>Albares sprach die Gr\u00fcndung des von den USA gef\u00fchrten &#8222;Board for Peace&#8220; an, das von Pr\u00e4sident Trump als neues Instrument zur Konfliktl\u00f6sung gef\u00f6rdert wird. Die Organisation konzentrierte sich zun\u00e4chst auf die Wiederherstellung des Friedens im Gazastreifen, doch ihr Mandat hat sich inzwischen \u00fcber den Nahen Osten hinaus ausgedehnt.<\/p>\n<p>Spanien habe noch keine endg\u00fcltige Entscheidung getroffen, ob es der Organisation beitreten wolle, sagte er. &#8222;Der Pr\u00e4sident wird die endg\u00fcltige Entscheidung treffen&#8220;. Er f\u00fcgte hinzu, dass sich sein Land eng mit seinen EU-Partnern abstimme, um eine &#8222;gemeinsame Position&#8220; festzulegen.<\/p>\n<p>F\u00fcr Madrid, betonte er, h\u00e4nge die Teilnahme von der strikten Einhaltung des internationalen Rechts und der Autorit\u00e4t der Vereinten Nationen ab. &#8222;F\u00fcr Spanien ist es wichtig, dass diese Einrichtung die Arbeit der UNO, die Resolution des Sicherheitsrates, aus der sie hervorgeht, und das V\u00f6lkerrecht respektiert&#8220;, sagte er.<\/p>\n<p>Mehrere EU-L\u00e4nder, darunter Frankreich und Italien, haben bereits Vorbehalte ge\u00e4u\u00dfert oder sich geweigert, dem Gremium beizutreten. Albares sagte, die europ\u00e4ischen Bedenken gingen \u00fcber den Gazastreifen hinaus und umfassten auch m\u00f6gliche rechtliche und politische Auswirkungen, wenn die Initiative von ihrem UN-Mandat abweiche.<\/p>\n<p>US-Druck auf Gr\u00f6nland &#8222;muss aufh\u00f6ren<\/p>\n<p>Albares sprach auch den Druck der USA auf D\u00e4nemark in Bezug auf Gr\u00f6nland an, ein Thema, das nach dem erneuten Interesse Trumps an dem strategisch wichtigen arktischen Gebiet wieder aufgetaucht ist, dessen Erwerb Russland und China in Schach halten w\u00fcrde.<\/p>\n<p>&#8222;Der Druck auf D\u00e4nemark und auf Gr\u00f6nland muss aufh\u00f6ren&#8220;, sagte der spanische Au\u00dfenminister.<\/p>\n<p>&#8222;Spanien hat sich von Anfang an sehr klar ausgedr\u00fcckt. Die Zukunft Gr\u00f6nlands geh\u00f6rt dem gr\u00f6nl\u00e4ndischen Volk und dem d\u00e4nischen Volk&#8220;.<\/p>\n<p>Zu Venezuela und Gaza<\/p>\n<p>Nach Trumps Intervention in Venezuela, um Pr\u00e4sident Nicol\u00e1s Maduro zu entmachten, bekr\u00e4ftigte der Minister Spaniens Unterst\u00fctzung f\u00fcr eine interne Verhandlungsl\u00f6sung. &#8222;Was wir uns von Venezuela w\u00fcnschen, ist ein umfassender Dialog zwischen der Regierung und der Opposition, der zu einer friedlichen und demokratischen L\u00f6sung innerhalb der venezolanischen Gesellschaft f\u00fchren wird&#8220;, sagte er.<\/p>\n<p>Auf die Frage, ob Washingtons Fokus auf Venezuelas \u00d6lvorkommen ein Grund zur Sorge sei, zeigte sich Albares entschlossen: &#8222;Das \u00d6l und die nat\u00fcrlichen Ressourcen Venezuelas geh\u00f6ren dem venezolanischen Volk&#8220;, sagte er. &#8222;Das ist ein Teil ihrer Souver\u00e4nit\u00e4t&#8220;.<\/p>\n<p>Albares bekr\u00e4ftigte auch die entschiedene Haltung Spaniens zum Gazastreifen und seine langj\u00e4hrige Unterst\u00fctzung f\u00fcr eine Zweistaatenl\u00f6sung im israelisch-pal\u00e4stinensischen Konflikt.<\/p>\n<p>&#8222;Wenn wir Frieden, Stabilit\u00e4t und Sicherheit f\u00fcr alle im Nahen Osten &#8211; einschlie\u00dflich der Israelis &#8211; wollen, m\u00fcssen wir die Zweistaatenl\u00f6sung umsetzen&#8220;, sagte er. &#8222;Es ist h\u00f6chste Zeit&#8220;, betonte er. &#8222;Zu viel unschuldiges Blut ist seit Jahrzehnten vergossen worden.<\/p>\n","protected":false},"excerpt":{"rendered":"Der Chef der spanischen Diplomatie, Jos\u00e9 Manuel Albares, sagte in einem Interview mit Euronews am Rande des Weltwirtschaftsforums&hellip;\n","protected":false},"author":2,"featured_media":740552,"comment_status":"","ping_status":"","sticky":false,"template":"","format":"standard","meta":{"footnotes":""},"categories":[3933],"tags":[331,332,51313,106,548,663,158,3934,3935,13,14,15,12,4026,686],"class_list":{"0":"post-740551","1":"post","2":"type-post","3":"status-publish","4":"format-standard","5":"has-post-thumbnail","7":"category-eu","8":"tag-aktuelle-nachrichten","9":"tag-aktuelle-news","10":"tag-armee","11":"tag-donald-trump","12":"tag-eu","13":"tag-europa","14":"tag-europaeische-union","15":"tag-europe","16":"tag-european-union","17":"tag-headlines","18":"tag-nachrichten","19":"tag-news","20":"tag-schlagzeilen","21":"tag-spanien","22":"tag-verteidigungspolitik"},"share_on_mastodon":{"url":"https:\/\/pubeurope.com\/@de\/115944259858747013","error":""},"_links":{"self":[{"href":"https:\/\/www.europesays.com\/de\/wp-json\/wp\/v2\/posts\/740551","targetHints":{"allow":["GET"]}}],"collection":[{"href":"https:\/\/www.europesays.com\/de\/wp-json\/wp\/v2\/posts"}],"about":[{"href":"https:\/\/www.europesays.com\/de\/wp-json\/wp\/v2\/types\/post"}],"author":[{"embeddable":true,"href":"https:\/\/www.europesays.com\/de\/wp-json\/wp\/v2\/users\/2"}],"replies":[{"embeddable":true,"href":"https:\/\/www.europesays.com\/de\/wp-json\/wp\/v2\/comments?post=740551"}],"version-history":[{"count":0,"href":"https:\/\/www.europesays.com\/de\/wp-json\/wp\/v2\/posts\/740551\/revisions"}],"wp:featuredmedia":[{"embeddable":true,"href":"https:\/\/www.europesays.com\/de\/wp-json\/wp\/v2\/media\/740552"}],"wp:attachment":[{"href":"https:\/\/www.europesays.com\/de\/wp-json\/wp\/v2\/media?parent=740551"}],"wp:term":[{"taxonomy":"category","embeddable":true,"href":"https:\/\/www.europesays.com\/de\/wp-json\/wp\/v2\/categories?post=740551"},{"taxonomy":"post_tag","embeddable":true,"href":"https:\/\/www.europesays.com\/de\/wp-json\/wp\/v2\/tags?post=740551"}],"curies":[{"name":"wp","href":"https:\/\/api.w.org\/{rel}","templated":true}]}}