{"id":740694,"date":"2026-01-23T13:03:24","date_gmt":"2026-01-23T13:03:24","guid":{"rendered":"https:\/\/www.europesays.com\/de\/740694\/"},"modified":"2026-01-23T13:03:24","modified_gmt":"2026-01-23T13:03:24","slug":"lanz-gaeste-gestern-22-1-erobert-russland-den-nordpol","status":"publish","type":"post","link":"https:\/\/www.europesays.com\/de\/740694\/","title":{"rendered":"Lanz-G\u00e4ste gestern (22.1.) \u2013 erobert Russland den Nordpol?"},"content":{"rendered":"<p>\t\t\t\t\t\t\t\t\t\t\t\t\t\t\t\t\t\t\t\t\t\t\t\t\t\t\t\t      \t\t            \t\t             \t\t\t\t   \t\t\t\t\t   <img decoding=\"async\" id=\"article-image\" fetchpriority=\"high\" alt=\"Lanz-G\u00e4ste gestern (22.1.) \u2013 erobert Russland den Nordpol?\" title=\"Lanz-G\u00e4ste gestern (22.1.) \u2013 erobert Russland den Nordpol?\" src=\"https:\/\/www.europesays.com\/de\/wp-content\/uploads\/2026\/01\/media.media.7b298358-7794-40cf-81cf-697aaac1c900.16x9_700.jpg\" data-linkto=\"https:\/\/www.stuttgarter-nachrichten.de\/javascript:void(0);\"\/>\t\t\t\t\t\t\t\t\t\t\t\t\t\t\t\t\t\t\t\t\t\t\t\tDie Russen erheben Anspruch auf den Nordpol \u2013 hier eine Expedition im Jahr 2015.\u00a0Foto: imago\/ITAR-TASS\t\t\t<\/p>\n<p>Markus Lanz empf\u00e4ngt von Dienstag bis Donnerstag interessante G\u00e4ste in seiner Sendung. Wer war im ZDF eingeladen?<\/p>\n<p>Am Donnerstag, 22. Januar 2026, begr\u00fc\u00dfte <a href=\"https:\/\/www.stuttgarter-nachrichten.de\/thema\/Markus_Lanz\" title=\"Markus Lanz\" class=\"art_thema\" target=\"_blank\" rel=\"noopener\">Markus Lanz<\/a> die Zuschauer wieder zu seiner Talkrunde im <a href=\"https:\/\/www.stuttgarter-nachrichten.de\/thema\/ZDF\" title=\"ZDF\" class=\"art_thema\" target=\"_blank\" rel=\"noopener\">ZDF<\/a>. Die Sendung begann um 23.15 Uhr und wurde vor Beginn im Studio in <a href=\"https:\/\/www.stuttgarter-nachrichten.de\/thema\/Hamburg\" title=\"Hamburg\" class=\"art_thema\" target=\"_blank\" rel=\"noopener\">Hamburg<\/a>-Altona aufgezeichnet.<\/p>\n<p>Nach Angaben der Lanz-Redaktion finden nur geringe Bearbeitungen statt, die Bilder w\u00fcrden kaum geschnitten. Das Erscheinungsbild entspricht weitgehend einer <a href=\"https:\/\/www.stuttgarter-nachrichten.de\/thema\/Live\" title=\"Live\" class=\"art_thema\" target=\"_blank\" rel=\"noopener\">Live<\/a>-Sendung \u2013 auch, wenn es streng genommen keine ist.<\/p>\n<p>  <img decoding=\"async\" loading=\"lazy\" src=\"https:\/\/www.europesays.com\/de\/wp-content\/uploads\/2026\/01\/media.media.94f6b421-0981-400e-a9fa-4ff125e9c215.original1024.media.jpeg\"\/>     Markus Lanz \u2013 der \u201eTalkmaster der Nation\u201c.    Foto: IMAGO\/teutopress    Markus Lanz heute (22.1.) &#8211; Hintergrund <\/p>\n<p>In der Ausgabe standen vor allem internationale Beziehungen und Sicherheitspolitik im Fokus. Angesichts der zweiten Amtszeit von <a href=\"https:\/\/www.stuttgarter-nachrichten.de\/thema\/Donald_Trump\" title=\"Donald Trump\" class=\"art_thema\" target=\"_blank\" rel=\"noopener\">Donald Trump<\/a> und der aktuellen geopolitischen Spannungen diskutierten die G\u00e4ste \u00fcber die transatlantischen Beziehungen, die Interessen Russlands in der <a href=\"https:\/\/www.stuttgarter-nachrichten.de\/thema\/Arktis\" title=\"Arktis\" class=\"art_thema\" target=\"_blank\" rel=\"noopener\">Arktis<\/a> und die diplomatische Arbeit hinter den Kulissen.<\/p>\n<p><a href=\"https:\/\/www.stuttgarter-nachrichten.de\/thema\/Russland\" title=\"Russland\" class=\"art_thema\" target=\"_blank\" rel=\"noopener\">Russland<\/a> beansprucht Lomossow-R\u00fccken und Nordpol <\/p>\n<p>Das Treiben der Russen in der Polarregion wird kritisch be\u00e4ugt, weil sie dort ernsthaft territoriale Anspr\u00fcche \u00fcber die anerkannte Wirtschaftszone hinaus zu erheben scheinen. Begr\u00fcndet wird das unter anderem mit dem Verlauf des unterseeischen Lomossow-R\u00fcckens \u2013 teilweise offenbar sogar mit R\u00fcckendeckung von Experten der <a href=\"https:\/\/www.stuttgarter-nachrichten.de\/thema\/UN\" title=\"UN\" class=\"art_thema\" target=\"_blank\" rel=\"noopener\">UN<\/a>-Kommission zur Begrenzung des Festlandssockels (CLCS).<\/p>\n<p>   G\u00e4ste bei Markus Lanz gestern (22. 01.) <\/p>\n<ul>\n<li> <b>Wolfgang Schmidt, Ex-Kanzleramtschef (<a href=\"https:\/\/www.stuttgarter-nachrichten.de\/thema\/SPD\" title=\"SPD\" class=\"art_thema\" target=\"_blank\" rel=\"noopener\">SPD<\/a>): <\/b>Der ehemalige Bundesminister f\u00fcr besondere Aufgaben (2021\u20132025) \u00e4u\u00dferte sich zu Donald Trump und gab Einblicke in die diplomatische Arbeit, die im Hintergrund stattfindet.<\/li>\n<li> <b>Sabine Adler, Journalistin: <\/b>Die Osteuropa-Expertin des \u201eDeutschlandfunks\u201c analysierte die Sicht des Kremls auf den <a href=\"https:\/\/www.stuttgarter-nachrichten.de\/thema\/Gr%C3%B6nland\" title=\"Gr\u00f6nland\" class=\"art_thema\" target=\"_blank\" rel=\"noopener\">Gr\u00f6nland<\/a>-Konflikt und sprach \u00fcber den Wandel der europ\u00e4ischen Sicherheitsarchitektur.<\/li>\n<li> <b>Frederik Pleitgen, Journalist:<\/b> Der CNN-Korrespondent legte dar, welche Interessen Russland in den Nordpolargebieten verfolgt, und bilanzierte die ersten zw\u00f6lf Monate der zweiten Amtszeit von Donald Trump.<\/li>\n<li> <b>Holger Stark, Journalist: <\/b>Der stellvertretende Chefredakteur der \u201eZeit\u201c sprach \u00fcber den Zustand der transatlantischen Beziehungen und diskutierte m\u00f6gliche Schritte, um Deutschland unabh\u00e4ngiger von den USA zu machen.<\/li>\n<\/ul>\n<p> Themen bei Markus Lanz heute (22. 01.) <\/p>\n<ul>\n<li>US-Politik &amp; Donald Trump: Bilanz der ersten zw\u00f6lf Monate seiner zweiten Amtszeit.<\/li>\n<li>Geopolitik &amp; Arktis: Der Gr\u00f6nland-Konflikt und russische Interessen im Nordpolargebiet.<\/li>\n<li>Sicherheitspolitik: Der Wandel der europ\u00e4ischen Sicherheitsarchitektur und die Unabh\u00e4ngigkeit von den USA.<\/li>\n<\/ul>\n<p>   <img decoding=\"async\" loading=\"lazy\" src=\"https:\/\/www.europesays.com\/de\/wp-content\/uploads\/2026\/01\/media.media.46a22a89-87f1-45a7-bd38-9a6fa0d4e3ad.original1024.media.jpeg\"\/>     2007 setzte ein U-Boot am geografischen Nordpol in 4261 Metern Tiefe eine Titanflagge in den russischen Farben ab.    Foto: Association of Russian Polar Explorers    Markus Lanz &#8211; n\u00e4chste Sendetermine <\/p>\n<p>Hier sind die Sendetermine f\u00fcr die kommenden Ausgaben von Publikumsliebling Markus Lanz:<\/p>\n<ul>\n<li>Dienstag, 27.01., 22.45\u201300.00 Uhr (Folge 2175)<\/li>\n<li>Mittwoch\/Donnerstag 29.01., 0.30\u20131.15 Uhr (Folge 2176)<\/li>\n<li>Donnerstag 29.01., 23.15\u201300.30 Uhr (Folge 2177)<\/li>\n<\/ul>\n<p> Markus Lanz im <a href=\"https:\/\/www.stuttgarter-nachrichten.de\/thema\/Livestream\" title=\"Livestream\" class=\"art_thema\" target=\"_blank\" rel=\"noopener\">Livestream<\/a> und in der Mediathek <\/p>\n<p>Wer die Sendung nicht zur Ausstrahlungszeit am Fernsehger\u00e4t verfolgen konnte, hat die M\u00f6glichkeit, <a href=\"https:\/\/www.zdf.de\/talk\/markus-lanz-114\" target=\"_blank\" rel=\"noopener\">Markus Lanz und seine G\u00e4ste im ZDF-Livestream oder sp\u00e4ter in der ZDF-Mediathek<\/a> anzuschauen. Dort bleiben die Folgen f\u00fcr einen Monat nach der Erstausstrahlung verf\u00fcgbar.<\/p>\n","protected":false},"excerpt":{"rendered":"Die Russen erheben Anspruch auf den Nordpol \u2013 hier eine Expedition im Jahr 2015.\u00a0Foto: imago\/ITAR-TASS Markus Lanz empf\u00e4ngt&hellip;\n","protected":false},"author":2,"featured_media":740695,"comment_status":"","ping_status":"","sticky":false,"template":"","format":"standard","meta":{"footnotes":""},"categories":[4013],"tags":[331,332,441,13,4006,9150,2496,3676,14,15,4043,4044,850,307,12,4058,1897,3638,684,1448],"class_list":{"0":"post-740694","1":"post","2":"type-post","3":"status-publish","4":"format-standard","5":"has-post-thumbnail","7":"category-russland","8":"tag-aktuelle-nachrichten","9":"tag-aktuelle-news","10":"tag-fernsehen","11":"tag-headlines","12":"tag-live","13":"tag-livestream","14":"tag-markus-lanz","15":"tag-mediathek","16":"tag-nachrichten","17":"tag-news","18":"tag-russia","19":"tag-russian-federation","20":"tag-russische-foederation","21":"tag-russland","22":"tag-schlagzeilen","23":"tag-stream","24":"tag-streaming","25":"tag-talkshow","26":"tag-tv","27":"tag-zdf"},"share_on_mastodon":{"url":"https:\/\/pubeurope.com\/@de\/115944554867963181","error":""},"_links":{"self":[{"href":"https:\/\/www.europesays.com\/de\/wp-json\/wp\/v2\/posts\/740694","targetHints":{"allow":["GET"]}}],"collection":[{"href":"https:\/\/www.europesays.com\/de\/wp-json\/wp\/v2\/posts"}],"about":[{"href":"https:\/\/www.europesays.com\/de\/wp-json\/wp\/v2\/types\/post"}],"author":[{"embeddable":true,"href":"https:\/\/www.europesays.com\/de\/wp-json\/wp\/v2\/users\/2"}],"replies":[{"embeddable":true,"href":"https:\/\/www.europesays.com\/de\/wp-json\/wp\/v2\/comments?post=740694"}],"version-history":[{"count":0,"href":"https:\/\/www.europesays.com\/de\/wp-json\/wp\/v2\/posts\/740694\/revisions"}],"wp:featuredmedia":[{"embeddable":true,"href":"https:\/\/www.europesays.com\/de\/wp-json\/wp\/v2\/media\/740695"}],"wp:attachment":[{"href":"https:\/\/www.europesays.com\/de\/wp-json\/wp\/v2\/media?parent=740694"}],"wp:term":[{"taxonomy":"category","embeddable":true,"href":"https:\/\/www.europesays.com\/de\/wp-json\/wp\/v2\/categories?post=740694"},{"taxonomy":"post_tag","embeddable":true,"href":"https:\/\/www.europesays.com\/de\/wp-json\/wp\/v2\/tags?post=740694"}],"curies":[{"name":"wp","href":"https:\/\/api.w.org\/{rel}","templated":true}]}}