{"id":740750,"date":"2026-01-23T13:34:15","date_gmt":"2026-01-23T13:34:15","guid":{"rendered":"https:\/\/www.europesays.com\/de\/740750\/"},"modified":"2026-01-23T13:34:15","modified_gmt":"2026-01-23T13:34:15","slug":"buergerbueros-stuttgart-endlich-besserung-in-den-buergerbueros-krz-plus","status":"publish","type":"post","link":"https:\/\/www.europesays.com\/de\/740750\/","title":{"rendered":"B\u00fcrgerb\u00fcros Stuttgart: Endlich Besserung in den B\u00fcrgerb\u00fcros? &#8211; KRZ Plus"},"content":{"rendered":"<p>In Plieningen und Sillenbuch k\u00f6nnen B\u00fcrgerb\u00fcro-Termine nun online gebucht werden. Unsere Daten zeigen, ob das \u00fcberhaupt ein Problem l\u00f6st \u2013 und wie es in den gro\u00dfen B\u00fcrgerb\u00fcros aussieht.<\/p>\n<p>Gro\u00dfe B\u00fcrgerb\u00fcros wie Bad Cannstatt oder Mitte bieten es bereits an, nun auch <a href=\"https:\/\/www.krzbb.de\/thema\/Stuttgart-Plieningen\" title=\"Plieningen\" class=\"art_thema\" target=\"_blank\" rel=\"noopener\">Plieningen<\/a> und Sillenbuch: Seit dieser Woche k\u00f6nnen auch in den beiden kleineren B\u00fcrgerb\u00fcros Termine online gebucht werden. Damit muss man in zehn der insgesamt zwanzig B\u00fcrgerb\u00fcros nicht mehr auf eine Wartemarke hoffen, sondern kommt sicher dran \u2013 wenn man einen Termin bekommt.<\/p>\n","protected":false},"excerpt":{"rendered":"In Plieningen und Sillenbuch k\u00f6nnen B\u00fcrgerb\u00fcro-Termine nun online gebucht werden. Unsere Daten zeigen, ob das \u00fcberhaupt ein Problem&hellip;\n","protected":false},"author":2,"featured_media":740751,"comment_status":"","ping_status":"","sticky":false,"template":"","format":"standard","meta":{"footnotes":""},"categories":[1830],"tags":[1634,12602,19410,3364,29,30,6597,7557,1441,14356,60552],"class_list":{"0":"post-740750","1":"post","2":"type-post","3":"status-publish","4":"format-standard","5":"has-post-thumbnail","7":"category-stuttgart","8":"tag-baden-wuerttemberg","9":"tag-buergerbuero","10":"tag-buergerservice","11":"tag-de","12":"tag-deutschland","13":"tag-germany","14":"tag-infografik","15":"tag-stadtverwaltung","16":"tag-stuttgart","17":"tag-stuttgart-plieningen","18":"tag-stuttgart-sillenbuch"},"share_on_mastodon":{"url":"https:\/\/pubeurope.com\/@de\/115944676714668356","error":""},"_links":{"self":[{"href":"https:\/\/www.europesays.com\/de\/wp-json\/wp\/v2\/posts\/740750","targetHints":{"allow":["GET"]}}],"collection":[{"href":"https:\/\/www.europesays.com\/de\/wp-json\/wp\/v2\/posts"}],"about":[{"href":"https:\/\/www.europesays.com\/de\/wp-json\/wp\/v2\/types\/post"}],"author":[{"embeddable":true,"href":"https:\/\/www.europesays.com\/de\/wp-json\/wp\/v2\/users\/2"}],"replies":[{"embeddable":true,"href":"https:\/\/www.europesays.com\/de\/wp-json\/wp\/v2\/comments?post=740750"}],"version-history":[{"count":0,"href":"https:\/\/www.europesays.com\/de\/wp-json\/wp\/v2\/posts\/740750\/revisions"}],"wp:featuredmedia":[{"embeddable":true,"href":"https:\/\/www.europesays.com\/de\/wp-json\/wp\/v2\/media\/740751"}],"wp:attachment":[{"href":"https:\/\/www.europesays.com\/de\/wp-json\/wp\/v2\/media?parent=740750"}],"wp:term":[{"taxonomy":"category","embeddable":true,"href":"https:\/\/www.europesays.com\/de\/wp-json\/wp\/v2\/categories?post=740750"},{"taxonomy":"post_tag","embeddable":true,"href":"https:\/\/www.europesays.com\/de\/wp-json\/wp\/v2\/tags?post=740750"}],"curies":[{"name":"wp","href":"https:\/\/api.w.org\/{rel}","templated":true}]}}