{"id":74076,"date":"2025-04-30T20:24:10","date_gmt":"2025-04-30T20:24:10","guid":{"rendered":"https:\/\/www.europesays.com\/de\/74076\/"},"modified":"2025-04-30T20:24:10","modified_gmt":"2025-04-30T20:24:10","slug":"take-back-the-night-friedliche-demo-im-hamburger-schanzenviertel-ndr-de-nachrichten","status":"publish","type":"post","link":"https:\/\/www.europesays.com\/de\/74076\/","title":{"rendered":"&#8222;Take back the Night&#8220;: Friedliche Demo im Hamburger Schanzenviertel | NDR.de &#8211; Nachrichten"},"content":{"rendered":"<p>\nStand: 30.04.2025 22:00 Uhr\n<\/p>\n<p class=\"preface\">Etwa 1.000 Menschen sind am Mittwochabend unter dem Motto &#8222;Take back the Night&#8220; durch das Hamburger Schanzenviertel gezogen. Zu Ausschreitungen kam es zun\u00e4chst nicht. Es war der Auftakt zu weiteren Demos rund um den 1. Mai.<\/p>\n<p>Es ist der Auftakt zu zahlreichen Protestm\u00e4rschen rund um den 1. Mai: die queer-feministische Frauendemo &#8222;Take back the Night&#8220; gegen Patriarchat und den Kapitalismus. Am Bahnhof Sternschanze versammelten sich mehrere Hundert Menschen, darunter vor allem Frauen, die durch das Schanzenviertel und Altona zogen, bis sie sich zu einer Schlusskundgebung am Neuen Pferdemarkt zusammenfanden.<\/p>\n<p>Am Lautsprecherwagen hing ein gro\u00dfes Transparent mit der Aufschrift &#8222;Ehe, K\u00fcche, Vaterland. Schwarz-Rot-Gold wird abgebrannt.&#8220; In Redebeitr\u00e4gen hie\u00df es, Frauen m\u00fcssten zusammenhalten und sich gegen anti-feministische Angriffe verteidigen. Die Polizei hielt sich im Hintergrund. Bis zum sp\u00e4ten Abend war es zu keinerlei Ausschreitungen gekommen.<\/p>\n<p>Schwerpunkt am Donnerstag<\/p>\n<p>F\u00fcr die Einsatzkr\u00e4fte war die Veranstaltung die erste von mehreren 1. Mai-Demonstrationen. Am Donnerstag sind drei gro\u00dfe Gewerkschafts-Kundgebungen geplant: In Bergedorf, Harburg und an der Habichtstra\u00dfe in Barmbek.<\/p>\n<p>Am Nachmittag starten drei gro\u00dfe linke Demonstrationen, die von einem gro\u00dfen Polizeiaufgebot begleitet werden: &#8222;Utopien erk\u00e4mpfen&#8220;, zu der etwa 1.000 Menschen erwartet werden. F\u00fcr &#8222;Gegen eine Stadt der Reichen&#8220; sind rund 2.500 Menschen angemeldet. Und das B\u00fcndnis &#8222;Wer hat, der gibt&#8220; will etwa 1.500 Menschen zusammenbekommen.<\/p>\n<p>Hundertschaften aus anderen Bundesl\u00e4ndern unterst\u00fctzen<\/p>\n<p>Die Hamburger Polizei rechnet mit kleineren St\u00f6raktionen, vereinzelten B\u00f6llerw\u00fcrfen und Pyrotechnik. Hundertschaften aus drei anderen Bundesl\u00e4ndern unterst\u00fctzen sie deshalb.<\/p>\n<p>Weitere Informationen<\/p>\n<p><img decoding=\"async\" src=\"https:\/\/www.europesays.com\/de\/wp-content\/uploads\/2025\/04\/demo4690_v-contentgross.jpg\" alt=\"Die Polizei eskortiert die Teilnehmenden einer Demonstration des B\u00fcndnis &quot;Wer hat, der gibt&quot; am 01.05.2024 in der N\u00e4he des Hamburger Dammtor-Bahnhofs. \u00a9 picture alliance\/dpa Foto: Georg Wendt\" title=\"Die Polizei eskortiert die Teilnehmenden einer Demonstration des B\u00fcndnis &quot;Wer hat, der gibt&quot; am 01.05.2024 in der N\u00e4he des Hamburger Dammtor-Bahnhofs.\" class=\"responsive\"\/><\/p>\n<p>\nDrei gro\u00dfe Demonstrationen wurden von linken Gruppierungen angemeldet. Zudem gibt es drei Kundgebungen von Gewerkschaften.<br \/>\n<a title=\"Zum Artikel: Polizei bereitet sich auf Mai-Demos in Hamburg vor\" href=\"https:\/\/www.ndr.de\/nachrichten\/hamburg\/Polizei-bereitet-sich-auf-Mai-Demos-in-Hamburg-vor,maidemos146.html\" class=\"cta \" target=\"_blank\" rel=\"noopener\">mehr<\/a>\n<\/p>\n<p><img decoding=\"async\" src=\"https:\/\/www.europesays.com\/de\/wp-content\/uploads\/2025\/04\/haymarket100_v-contentgross.jpg\" alt=\"Historische Illustration des sogenannten Haymarket Riot in Chicago im Mai 1886. \u00a9 picture alliance Foto: Everett Collection\" title=\"Historische Illustration des sogenannten Haymarket Riot in Chicago im Mai 1886.\" class=\"responsive\"\/><\/p>\n<p>\n1919 wurde der 1. Mai erstmals in Deutschland als Feiertag begangen. Seine Wurzeln hat der &#8222;Tag der Arbeit&#8220; aber in den USA.<br \/>\n<a title=\"Zum Artikel: &quot;Tag der Arbeit&quot;: Von blutigen Streiks zum Feiertag am 1. Mai\" href=\"https:\/\/www.ndr.de\/geschichte\/chronologie\/Tag-der-Arbeit-Von-blutigen-Streiks-zum-Feiertag-am-1-Mai,tagderarbeit134.html\" class=\"cta \" target=\"_blank\" rel=\"noopener\">mehr<\/a>\n<\/p>\n<p>Dieses Thema im Programm:<\/p>\n<p>Hamburg Journal |<br \/>\n30.04.2025 | 21:45 Uhr<\/p>\n<p><img decoding=\"async\" src=\"https:\/\/www.europesays.com\/de\/wp-content\/uploads\/2025\/03\/ndr_printlogo.gif\" alt=\"NDR Logo\" title=\"NDR Logo\"\/><\/p>\n","protected":false},"excerpt":{"rendered":"Stand: 30.04.2025 22:00 Uhr Etwa 1.000 Menschen sind am Mittwochabend unter dem Motto &#8222;Take back the Night&#8220; durch&hellip;\n","protected":false},"author":2,"featured_media":74077,"comment_status":"","ping_status":"","sticky":false,"template":"","format":"standard","meta":{"footnotes":""},"categories":[1826],"tags":[3387,710,29,13162,30,692,32197,438,439,121,8108,31286],"class_list":{"0":"post-74076","1":"post","2":"type-post","3":"status-publish","4":"format-standard","5":"has-post-thumbnail","7":"category-hamburg","8":"tag-demo","9":"tag-demonstrationen","10":"tag-deutschland","11":"tag-erster-mai","12":"tag-germany","13":"tag-hamburg","14":"tag-linke-demos","15":"tag-ndr","16":"tag-norddeutscher-rundfunk","17":"tag-polizei","18":"tag-pyrotechnik","19":"tag-tag-der-arbeit"},"share_on_mastodon":{"url":"https:\/\/pubeurope.com\/@de\/114428789606837102","error":""},"_links":{"self":[{"href":"https:\/\/www.europesays.com\/de\/wp-json\/wp\/v2\/posts\/74076","targetHints":{"allow":["GET"]}}],"collection":[{"href":"https:\/\/www.europesays.com\/de\/wp-json\/wp\/v2\/posts"}],"about":[{"href":"https:\/\/www.europesays.com\/de\/wp-json\/wp\/v2\/types\/post"}],"author":[{"embeddable":true,"href":"https:\/\/www.europesays.com\/de\/wp-json\/wp\/v2\/users\/2"}],"replies":[{"embeddable":true,"href":"https:\/\/www.europesays.com\/de\/wp-json\/wp\/v2\/comments?post=74076"}],"version-history":[{"count":0,"href":"https:\/\/www.europesays.com\/de\/wp-json\/wp\/v2\/posts\/74076\/revisions"}],"wp:featuredmedia":[{"embeddable":true,"href":"https:\/\/www.europesays.com\/de\/wp-json\/wp\/v2\/media\/74077"}],"wp:attachment":[{"href":"https:\/\/www.europesays.com\/de\/wp-json\/wp\/v2\/media?parent=74076"}],"wp:term":[{"taxonomy":"category","embeddable":true,"href":"https:\/\/www.europesays.com\/de\/wp-json\/wp\/v2\/categories?post=74076"},{"taxonomy":"post_tag","embeddable":true,"href":"https:\/\/www.europesays.com\/de\/wp-json\/wp\/v2\/tags?post=74076"}],"curies":[{"name":"wp","href":"https:\/\/api.w.org\/{rel}","templated":true}]}}