{"id":740776,"date":"2026-01-23T13:47:13","date_gmt":"2026-01-23T13:47:13","guid":{"rendered":"https:\/\/www.europesays.com\/de\/740776\/"},"modified":"2026-01-23T13:47:13","modified_gmt":"2026-01-23T13:47:13","slug":"trump-will-expo-2035-wie-reagiert-berlin","status":"publish","type":"post","link":"https:\/\/www.europesays.com\/de\/740776\/","title":{"rendered":"Trump will Expo 2035 \u2013 wie reagiert Berlin?"},"content":{"rendered":"<p class=\"tspBHky tspBHkz\">Seit Monaten wird in Berlin \u00fcber eine m\u00f6gliche Expo-Bewerbung f\u00fcr das Jahr 2035 gestritten. Nun befeuert ausgerechnet US-Pr\u00e4sident Donald Trump die Debatte aufs Neue \u2013 indem er eine Bewerbung der USA ank\u00fcndigte. <\/p>\n<p class=\"tspBHky\">\u201eHeute gebe ich die Absicht der Vereinigten Staaten bekannt, sich um die Ausrichtung der Weltausstellung Expo 2035 zu bewerben\u201c, schrieb Donald Trump am Donnerstag auf seinem Netzwerk \u201eTruth Social\u201c. Eine Expo in Miami k\u00f6nnte der \u201en\u00e4chste gro\u00dfe Meilenstein in unserem neuen goldenen Zeitalter Amerikas\u201c sein.<\/p>\n<p>Tagesspiegel Checkpoint: Berlins beliebtester Newsletter<\/p>\n<p><img decoding=\"async\" src=\"https:\/\/www.europesays.com\/de\/wp-content\/uploads\/2025\/04\/cp-icon.png\" alt=\"\" class=\"tspCTgx\"\/><\/p>\n<p class=\"tspCTo7\"> Der schnellste Berlin-\u00dcberblick von Montag bis Samstag. <\/p>\n<p class=\"tspBHky\">Zahlreiche Wirtschaftsvertreter um den fr\u00fcheren Pr\u00e4sidenten der Berliner Industrie- und Handelskammer (IHK), Daniel-Jan Girl, trommeln seit Langem f\u00fcr eine Expo in der Hauptstadt. \u201eDie Ank\u00fcndigung der Vereinigten Staaten unterstreicht die globale Bedeutung von Weltausstellungen, und dar\u00fcber freuen wir uns\u201c, sagte Girl dem Tagesspiegel am Freitag.<\/p>\n<p> Kai Wegner bleibt bei seiner Haltung <\/p>\n<p class=\"tspBHky\">\u201eEuropa kann sich jetzt ebenfalls mit Deutschland und Berlin bewerben \u2013 wir sind startklar und der einzige daf\u00fcr vollst\u00e4ndig vorbereitete Standort.\u201c Konzept und Finanzplan liegen laut Girl vor. \u201eWir k\u00f6nnen sofort in den Bewerbungsprozess einsteigen\u201c, sagte er.<\/p>\n<p class=\"tspBHky\">In der schwarz-roten Koalition steht das Thema jedoch im Schatten einer m\u00f6glichen Bewerbung f\u00fcr Olympische und Paralympische Spiele. Diese habe absolute Priorit\u00e4t, erkl\u00e4rten Berlins Regierender B\u00fcrgermeister Kai Wegner (CDU) und Sportsenatorin Iris Spranger (SPD) im Dezember. <a href=\"https:\/\/www.tagesspiegel.de\/berlin\/das-feuer-in-die-herzen-tragen-kai-wegner-bekraftigt-berlins-olympia-plane--und-beerdigt-expo-14974220.html?icid=in-text-link_15173031\" class=\"link link--internal\" data-gtm-class=\"article-text-link\" data-gtm-val=\"internal\" target=\"_blank\" rel=\"noopener\">Einen Senatsbeschluss zur Expo schlossen sie aus. <\/a>Senatssprecherin Christine Richter sagte auf Nachfrage, dass sich an der Haltung des Regierenden B\u00fcrgermeisters nichts ge\u00e4ndert habe. <\/p>\n<p class=\"tspBHky\">Ganz zumachen wollte Wegner die T\u00fcr f\u00fcr eine Bewerbung um die Weltausstellung aber zuletzt nicht. Auf dem Neujahrsempfang der IHK Mitte Januar sagt er, <a href=\"https:\/\/checkpoint.tagesspiegel.de\/langmeldung\/3l15Y00wD4XeIJpDjnZ2ew?utm_medium=social-button-nl-web&amp;icid=in-text-link_15173031\" class=\"link link--internal\" data-gtm-class=\"article-text-link\" data-gtm-val=\"internal\" target=\"_blank\" rel=\"noopener\">dass er einen\u00a0gemeinsamen Aufschlag mit Brandenburg, also eine Bewerbung als Metropolregion, f\u00fcr m\u00f6glich halte. <\/a><\/p>\n<p> IHK: Senat soll Farbe bekennen <\/p>\n<p class=\"tspBHky\">Eine Beteiligung Berlins fordert nach der Ank\u00fcndigung des US-Pr\u00e4sidenten nun auch die IHK mit Nachdruck. \u201eTrumps Ank\u00fcndigung ist hoffentlich ein Weckruf f\u00fcr Berlin, die eigene z\u00f6gerliche Haltung zu revidieren\u201c, teilte IHK-Pr\u00e4sident Sebastian Stietzel am Freitag mit. \u201eWenn Berlin seinem Anspruch als Weltmetropole gerecht werden will, muss der Senat Farbe bekennen und in den Wettbewerb einsteigen.\u201c<\/p>\n<p>Tagesspiegel Checkpoint: Berlins beliebtester Newsletter<\/p>\n<p><img decoding=\"async\" src=\"https:\/\/www.europesays.com\/de\/wp-content\/uploads\/2025\/04\/cp-icon.png\" alt=\"\" class=\"tspCTgx\"\/><\/p>\n<p class=\"tspCTo7\"> Der schnellste Berlin-\u00dcberblick von Montag bis Samstag. <\/p>\n<p class=\"tspBHky\">Bereits am Montag hatte sich der SPD Landesvorstand f\u00fcr eine Expo-Bewerbung Berlins ausgesprochen. Auch SPD-Wirtschaftssenatorin Franziska Giffey wirbt seit Monaten f\u00fcr eine Berliner Bewerbung f\u00fcr die Expo und die Olympischen Spiele \u2013 anders als ihre Parteikollegin Spranger.<\/p>\n<p class=\"tspBHky\">SPD-Spitzenkandidat Steffen Krach sieht sich durch die Trump-Ank\u00fcndiung best\u00e4tigt. \u201eDie Standortfrage f\u00fcr die Expo 2035 ist \u00fcber Nacht noch politischer geworden\u201c, sagte er dem Tagesspiegel-Newsletter \u201eCheckpoint\u201c. \u201eSoll sie 2035 in der\u00a0freien Welt\u00a0oder in der Welt frei nach Donald Trump stattfinden?\u201c<\/p>\n<p>Mehr zum Thema<a href=\"https:\/\/checkpoint.tagesspiegel.de\/langmeldung\/3l15Y00wD4XeIJpDjnZ2ew?utm_medium=social-button-nl-web&amp;icid=topic-list_15173031___\" data-gtm-class=\"article-mzt-link\" data-hydrate-fingerprint=\"09740a54944caac75fd2c0c63fd5c5df\" data-hydrate-props=\"{&amp;escapedquot;element&amp;escapedquot;:{&amp;escapedquot;type&amp;escapedquot;:&amp;escapedquot;relatedContent&amp;escapedquot;,&amp;escapedquot;fieldMap&amp;escapedquot;:{},&amp;escapedquot;relation&amp;escapedquot;:{&amp;escapedquot;fields&amp;escapedquot;:{&amp;escapedquot;url&amp;escapedquot;:&amp;escapedquot;https:\/\/checkpoint.tagesspiegel.de\/langmeldung\/3l15Y00wD4XeIJpDjnZ2ew?utm_medium=social-button-nl-web&amp;escapedquot;,&amp;escapedquot;isPaid&amp;escapedquot;:true},&amp;escapedquot;href&amp;escapedquot;:&amp;escapedquot;\/berlin\/article15139273.ece&amp;escapedquot;,&amp;escapedquot;teaserTitle&amp;escapedquot;:{&amp;escapedquot;kicker&amp;escapedquot;:&amp;escapedquot;Doch wieder Expo?&amp;escapedquot;,&amp;escapedquot;headline&amp;escapedquot;:&amp;escapedquot;Wegners Kehrtwende bringt Berlin zur\u00fcck ins Spiel&amp;escapedquot;},&amp;escapedquot;id&amp;escapedquot;:&amp;escapedquot;15139273&amp;escapedquot;,&amp;escapedquot;type&amp;escapedquot;:&amp;escapedquot;externalTeaser&amp;escapedquot;},&amp;escapedquot;isPartOfList&amp;escapedquot;:true,&amp;escapedquot;topicListType&amp;escapedquot;:&amp;escapedquot;topic-list&amp;escapedquot;},&amp;escapedquot;showArrow&amp;escapedquot;:true}\" data-hydrate-slots=\"{&#039;default&#039;:[]}\" class=\"tspCJn9 tspCNoh\" target=\"_blank\" rel=\"noopener\">Doch wieder Expo? Wegners Kehrtwende bringt Berlin zur\u00fcck ins Spiel <\/a><a href=\"https:\/\/www.tagesspiegel.de\/berlin\/hauptstadt-wegner-setzt-auf-olympia--giffey-wirbt-weiter-fur-expo-2035-15074023.html?icid=topic-list_15173031___\" data-gtm-class=\"article-mzt-link\" data-hydrate-fingerprint=\"09740a54944caac75fd2c0c63fd5c5df\" data-hydrate-props=\"{&amp;escapedquot;element&amp;escapedquot;:{&amp;escapedquot;type&amp;escapedquot;:&amp;escapedquot;relatedContent&amp;escapedquot;,&amp;escapedquot;fieldMap&amp;escapedquot;:{},&amp;escapedquot;relation&amp;escapedquot;:{&amp;escapedquot;fields&amp;escapedquot;:{&amp;escapedquot;isPaid&amp;escapedquot;:null},&amp;escapedquot;href&amp;escapedquot;:&amp;escapedquot;\/berlin\/hauptstadt-wegner-setzt-auf-olympia--giffey-wirbt-weiter-fur-expo-2035-15074023.html&amp;escapedquot;,&amp;escapedquot;teaserTitle&amp;escapedquot;:{&amp;escapedquot;kicker&amp;escapedquot;:&amp;escapedquot;Hauptstadt&amp;escapedquot;,&amp;escapedquot;headline&amp;escapedquot;:&amp;escapedquot;Wegner setzt auf Olympia \u2013 Giffey wirbt weiter f\u00fcr Expo 2035&amp;escapedquot;},&amp;escapedquot;id&amp;escapedquot;:&amp;escapedquot;15074023&amp;escapedquot;,&amp;escapedquot;type&amp;escapedquot;:&amp;escapedquot;story&amp;escapedquot;},&amp;escapedquot;isPartOfList&amp;escapedquot;:true,&amp;escapedquot;topicListType&amp;escapedquot;:&amp;escapedquot;topic-list&amp;escapedquot;},&amp;escapedquot;showArrow&amp;escapedquot;:true}\" data-hydrate-slots=\"{&#039;default&#039;:[]}\" class=\"tspCJn9 tspCNoh\" target=\"_blank\" rel=\"noopener\">Hauptstadt Wegner setzt auf Olympia \u2013 Giffey wirbt weiter f\u00fcr Expo 2035 <\/a><a href=\"https:\/\/www.tagesspiegel.de\/berlin\/hauptstadt-ohne-vision-berlin-muss-sich-einen-neuen-sinn-suchen-15059737.html?icid=topic-list_15173031___\" data-gtm-class=\"article-mzt-link\" data-hydrate-fingerprint=\"09740a54944caac75fd2c0c63fd5c5df\" data-hydrate-props=\"{&amp;escapedquot;element&amp;escapedquot;:{&amp;escapedquot;type&amp;escapedquot;:&amp;escapedquot;relatedContent&amp;escapedquot;,&amp;escapedquot;fieldMap&amp;escapedquot;:{},&amp;escapedquot;relation&amp;escapedquot;:{&amp;escapedquot;fields&amp;escapedquot;:{&amp;escapedquot;isPaid&amp;escapedquot;:null},&amp;escapedquot;href&amp;escapedquot;:&amp;escapedquot;\/berlin\/hauptstadt-ohne-vision-berlin-muss-sich-einen-neuen-sinn-suchen-15059737.html&amp;escapedquot;,&amp;escapedquot;teaserTitle&amp;escapedquot;:{&amp;escapedquot;kicker&amp;escapedquot;:&amp;escapedquot;Hauptstadt ohne Vision&amp;escapedquot;,&amp;escapedquot;headline&amp;escapedquot;:&amp;escapedquot;Berlin muss sich einen neuen Sinn suchen&amp;escapedquot;},&amp;escapedquot;id&amp;escapedquot;:&amp;escapedquot;15059737&amp;escapedquot;,&amp;escapedquot;type&amp;escapedquot;:&amp;escapedquot;story&amp;escapedquot;},&amp;escapedquot;isPartOfList&amp;escapedquot;:true,&amp;escapedquot;topicListType&amp;escapedquot;:&amp;escapedquot;topic-list&amp;escapedquot;},&amp;escapedquot;showArrow&amp;escapedquot;:true}\" data-hydrate-slots=\"{&#039;default&#039;:[]}\" class=\"tspCJn9 tspCNoh\" target=\"_blank\" rel=\"noopener\">Hauptstadt ohne Vision Berlin muss sich einen neuen Sinn suchen <\/a><\/p>\n<p class=\"tspBHky\">\u00c4hnlich \u00e4u\u00dferte sich Bettina Jarasch, Fraktionsvorsitzende und Co-Spitzenkandidatin f\u00fcr die Berliner Gr\u00fcnen. \u201eBerlin muss als Stadt der Freiheit gerade in Zeiten der weltweiten Umbr\u00fcche ein Leuchtturm f\u00fcr Weltoffenheit, nachhaltige Innovation und lebenswerte Zukunft sein\u201c, sagte Jarasch. \u201eMit einer Bewerbung f\u00fcr die Expo 2035 w\u00fcrde Berlin diesen Anspruch auch international unterstreichen.\u201c<\/p>\n<p class=\"tspBHky\">Das Bureau International des Expositions, das die Ausschreibung und Vergabe der Weltausstellung koordiniert, wird voraussichtlich im April das Bewerbungsverfahren f\u00fcr die Expo 2035 er\u00f6ffnen.<\/p>\n","protected":false},"excerpt":{"rendered":"Seit Monaten wird in Berlin \u00fcber eine m\u00f6gliche Expo-Bewerbung f\u00fcr das Jahr 2035 gestritten. Nun befeuert ausgerechnet US-Pr\u00e4sident&hellip;\n","protected":false},"author":2,"featured_media":740777,"comment_status":"","ping_status":"","sticky":false,"template":"","format":"standard","meta":{"footnotes":""},"categories":[1825],"tags":[296,48507,29,106,30,21425,2384,1891,184,64],"class_list":{"0":"post-740776","1":"post","2":"type-post","3":"status-publish","4":"format-standard","5":"has-post-thumbnail","7":"category-berlin","8":"tag-berlin","9":"tag-berliner-olympiabewerbung","10":"tag-deutschland","11":"tag-donald-trump","12":"tag-germany","13":"tag-iris-spranger","14":"tag-kai-wegner","15":"tag-landespolitik-berlin","16":"tag-spd","17":"tag-usa"},"share_on_mastodon":{"url":"https:\/\/pubeurope.com\/@de\/115944727958744094","error":""},"_links":{"self":[{"href":"https:\/\/www.europesays.com\/de\/wp-json\/wp\/v2\/posts\/740776","targetHints":{"allow":["GET"]}}],"collection":[{"href":"https:\/\/www.europesays.com\/de\/wp-json\/wp\/v2\/posts"}],"about":[{"href":"https:\/\/www.europesays.com\/de\/wp-json\/wp\/v2\/types\/post"}],"author":[{"embeddable":true,"href":"https:\/\/www.europesays.com\/de\/wp-json\/wp\/v2\/users\/2"}],"replies":[{"embeddable":true,"href":"https:\/\/www.europesays.com\/de\/wp-json\/wp\/v2\/comments?post=740776"}],"version-history":[{"count":0,"href":"https:\/\/www.europesays.com\/de\/wp-json\/wp\/v2\/posts\/740776\/revisions"}],"wp:featuredmedia":[{"embeddable":true,"href":"https:\/\/www.europesays.com\/de\/wp-json\/wp\/v2\/media\/740777"}],"wp:attachment":[{"href":"https:\/\/www.europesays.com\/de\/wp-json\/wp\/v2\/media?parent=740776"}],"wp:term":[{"taxonomy":"category","embeddable":true,"href":"https:\/\/www.europesays.com\/de\/wp-json\/wp\/v2\/categories?post=740776"},{"taxonomy":"post_tag","embeddable":true,"href":"https:\/\/www.europesays.com\/de\/wp-json\/wp\/v2\/tags?post=740776"}],"curies":[{"name":"wp","href":"https:\/\/api.w.org\/{rel}","templated":true}]}}