{"id":74078,"date":"2025-04-30T20:25:08","date_gmt":"2025-04-30T20:25:08","guid":{"rendered":"https:\/\/www.europesays.com\/de\/74078\/"},"modified":"2025-04-30T20:25:08","modified_gmt":"2025-04-30T20:25:08","slug":"berlin-brandenburg-feministische-demonstration-in-kreuzberg-gestartet","status":"publish","type":"post","link":"https:\/\/www.europesays.com\/de\/74078\/","title":{"rendered":"Berlin &#038; Brandenburg: Feministische Demonstration in Kreuzberg gestartet"},"content":{"rendered":"<p>                    Berlin &amp; Brandenburg<br \/>\n                Feministische Demonstration in Kreuzberg gestartet<\/p>\n<p>\t\t\t\t              30.04.2025, 22:18 Uhr<\/p>\n<p><strong>Unter dem Motto &#8222;Take Back the Night&#8220; zieht eine Demonstration mit zahlreichen Teilnehmerinnen und Teilnehmern durch Berlin. Bislang verl\u00e4uft die Veranstaltung friedlich.<\/strong><\/p>\n<p>Berlin (dpa\/bb) &#8211; Rund 2.400 Menschen sind bei einer queer-feministischen Demonstration mit dem Titel &#8222;Take Back the Night&#8220; von Kreuzberg in Richtung Friedrichshain unterwegs. Es k\u00e4men immer noch neue Teilnehmerinnen und Teilnehmer dazu, die Zahl k\u00f6nnte sich also im Laufe des Abends erh\u00f6hen, sagte ein Polizeisprecher um 21.50 Uhr. Der Demonstrationszug war kurz vorher am Mariannenplatz gestartet.<\/p>\n<p>Bislang sei alles friedlich, sagte der Sprecher. Vereinzeln sei Pyrotechnik gez\u00fcndet worden. Festnahmen gab es zun\u00e4chst keine. In den vergangenen Jahren war die Stimmung aggressiv und es gab auch Flaschenw\u00fcrfe Richtung Polizei.<\/p>\n<p>Solidarit\u00e4t mit allen Formen des Widerstands<\/p>\n<p>Queerfeminismus bezeichnet eine Str\u00f6mung des Feminismus, die davon ausgeht, dass das Geschlecht nicht biologisch vorherbestimmt und angeboren ist, sondern gesellschaftlich anerzogen und gepr\u00e4gt ist.\u00a0<\/p>\n<p>Die linken Demonstrantinnen und Demonstranten solidarisieren sich mit allen K\u00e4mpfen unterdr\u00fcckter Personen weltweit und allen Formen des Widerstands, wie es im Demoaufruf hei\u00dft. Die Veranstaltung richtete sich auch gegen deutsche Waffenlieferungen und kritisierte den Umgang mit propal\u00e4stinensischen Demonstranten.\u00a0<\/p>\n<p>In der Walpurgisnacht vom 30. April auf den 1. Mai betreuen laut Polizei rund 2.500 Einsatzkr\u00e4fte mehrere Versammlungen und Veranstaltungen in der Stadt.<\/p>\n","protected":false},"excerpt":{"rendered":"Berlin &amp; Brandenburg Feministische Demonstration in Kreuzberg gestartet 30.04.2025, 22:18 Uhr Unter dem Motto &#8222;Take Back the Night&#8220;&hellip;\n","protected":false},"author":2,"featured_media":74079,"comment_status":"","ping_status":"","sticky":false,"template":"","format":"standard","meta":{"footnotes":""},"categories":[1816],"tags":[1960,1958,1959,1957,296,1956,1890,507,29,32198,30,7568],"class_list":{"0":"post-74078","1":"post","2":"type-post","3":"status-publish","4":"format-standard","5":"has-post-thumbnail","7":"category-brandenburg","8":"tag-aktuelle-nachrichten-aus-berlin-und-brandenburg","9":"tag-aktuelle-nachrichten-aus-brandenburg","10":"tag-aktuelle-news-aus-berlin-und-brandenburg","11":"tag-aktuelle-news-aus-brandenburg","12":"tag-berlin","13":"tag-berlin-und-brandenburg","14":"tag-brandenburg","15":"tag-demonstration","16":"tag-deutschland","17":"tag-feministische","18":"tag-germany","19":"tag-kreuzberg"},"share_on_mastodon":{"url":"https:\/\/pubeurope.com\/@de\/114428793505547360","error":""},"_links":{"self":[{"href":"https:\/\/www.europesays.com\/de\/wp-json\/wp\/v2\/posts\/74078","targetHints":{"allow":["GET"]}}],"collection":[{"href":"https:\/\/www.europesays.com\/de\/wp-json\/wp\/v2\/posts"}],"about":[{"href":"https:\/\/www.europesays.com\/de\/wp-json\/wp\/v2\/types\/post"}],"author":[{"embeddable":true,"href":"https:\/\/www.europesays.com\/de\/wp-json\/wp\/v2\/users\/2"}],"replies":[{"embeddable":true,"href":"https:\/\/www.europesays.com\/de\/wp-json\/wp\/v2\/comments?post=74078"}],"version-history":[{"count":0,"href":"https:\/\/www.europesays.com\/de\/wp-json\/wp\/v2\/posts\/74078\/revisions"}],"wp:featuredmedia":[{"embeddable":true,"href":"https:\/\/www.europesays.com\/de\/wp-json\/wp\/v2\/media\/74079"}],"wp:attachment":[{"href":"https:\/\/www.europesays.com\/de\/wp-json\/wp\/v2\/media?parent=74078"}],"wp:term":[{"taxonomy":"category","embeddable":true,"href":"https:\/\/www.europesays.com\/de\/wp-json\/wp\/v2\/categories?post=74078"},{"taxonomy":"post_tag","embeddable":true,"href":"https:\/\/www.europesays.com\/de\/wp-json\/wp\/v2\/tags?post=74078"}],"curies":[{"name":"wp","href":"https:\/\/api.w.org\/{rel}","templated":true}]}}