{"id":740782,"date":"2026-01-23T13:50:13","date_gmt":"2026-01-23T13:50:13","guid":{"rendered":"https:\/\/www.europesays.com\/de\/740782\/"},"modified":"2026-01-23T13:50:13","modified_gmt":"2026-01-23T13:50:13","slug":"dr-bob-ich-mache-mir-sorgen-um-unsere-stars","status":"publish","type":"post","link":"https:\/\/www.europesays.com\/de\/740782\/","title":{"rendered":"Dr. Bob: &#8222;Ich mache mir Sorgen um unsere Stars&#8220;"},"content":{"rendered":"<p>Dschungelcamp 2026 <\/p>\n<p>Dr. Bob: &#8222;Ich mache mir Sorgen um unsere Stars&#8220;<\/p>\n<p>23.01.2026 &#8211; 13:53 UhrLesedauer: 2 Min.<\/p>\n<p><a href=\"#focus-0\" class=\"transition-colors duration-200 block text-current relative\" data-sctrack=\"FocusGalleryImage.Reference\"><img fetchpriority=\"high\" data-testid=\"Opener.Image\" style=\"--lqipURL:url('https:\/\/images.t-online.de\/2024\/01\/06CDk0V2157H\/0x336:4000x2250\/fit-in\/150x0\/filters:blur(25)\/dr-bob-seit-der-ersten-staffel-steht-er-fuer-das-dschungelcamp-vor-der-kamera.jpg')\"   loading=\"eager\" src=\"https:\/\/www.europesays.com\/de\/wp-content\/uploads\/2026\/01\/dr-bob-seit-der-ersten-staffel-steht-er-fuer-das-dschungelcamp-vor-der-kamera.jpg\" alt=\"Dr. Bob: Seit der ersten Staffel steht er f\u00fcr das Dschungelcamp vor der Kamera.\" title=\"Dr. Bob: Seit der ersten Staffel steht er f\u00fcr das Dschungelcamp vor der Kamera.\" width=\"4000\" height=\"2250\" class=\"bg-[url:var(--lqipURL)] bg-cover bg-center flex h-full w-full max-w-full\" decoding=\"async\"\/><img style=\"--width:32;--height:32\" loading=\"lazy\" src=\"https:\/\/www.t-online.de\/s\/paper\/_next\/static\/media\/zoom-in.f7dae02f.svg\" alt=\"Vergr\u00f6\u00dfern des Bildes\" title=\"Vergr\u00f6\u00dfern des Bildes\" class=\"block h-[calc(var(--height)_\/_16_*_1rem)] w-[calc(var(--width)_\/_16_*_1rem)] max-w-none absolute bottom-8 right-8 rounded-4 bg-snow p-8\" decoding=\"async\"\/><\/a><\/p>\n<p>Dr. Bob: Seit der ersten Staffel steht er f\u00fcr das Dschungelcamp vor der Kamera. (Quelle: imago \/ C. Hardt)<\/p>\n<p class=\"font-bold text-18 leading-17\">Am Freitag startet die 19. Staffel von &#8222;Ich bin ein Star \u2013 Holt mich hier raus!&#8220;. Schon vor dem Einzug der Promis zeigte sich Dr. Bob besorgt.<\/p>\n<p class=\"text-18 leading-17\">Erst Schonfrist, dann Hitzeschock: Zum Start der neuen Staffel des Dschungelcamps zeigt sich der australische Sommer zun\u00e4chst zahm \u2013 doch das \u00e4ndert sich rasch. F\u00fcr die Kandidaten von &#8222;Ich bin ein Star \u2013 Holt mich hier raus!&#8220; ist an der Produktionsst\u00e4tte an der Ostk\u00fcste nur eine kurze wetterbedingte Verschnaufpause in Sicht.<\/p>\n<p class=\"text-18 leading-17\">Die australische Wetterbeh\u00f6rde sagte zum Auftakt f\u00fcr den Ort Murwillumbah, in dessen N\u00e4he die Show gedreht wird, Schauer und Tagesh\u00f6chstwerte um die 27 Grad voraus. F\u00fcr Samstag rechnen die Meteorologen mit angenehmen 28 Grad und Nachtwerten von knapp \u00fcber 20 Grad.<\/p>\n<p class=\"text-18 leading-17\">Dann jedoch zeigt der australische Sommer sein unerbittliches Gesicht. Bereits am Sonntag soll das Thermometer in der rund 850 Kilometer nord\u00f6stlich von <a class=\"transition-colors duration-200 cursor-pointer text-inherit no-underline text-salemsfur md:hover:text-magenta md:hover:border-magenta md:focus:text-magenta border-current border-b border-solid break-words\" href=\"https:\/\/www.t-online.de\/themen\/sydney\/\" data-sctrack=\"BodyAnchor\" target=\"_blank\" rel=\"noopener\">Sydney<\/a> gelegenen Region auf 34 Grad steigen, am Montag werden sogar schwei\u00dftreibende 37 Grad erwartet.<\/p>\n<p class=\"text-18 leading-17\">Dabei wird den Prognosen zufolge die Sonne bei nur wenig Wolken vom Himmel strahlen \u2013 Bedingungen, die die k\u00f6rperlichen Belastungen im Camp zus\u00e4tzlich versch\u00e4rfen d\u00fcrften. Bis mindestens Donnerstag liegen die vorausgesagten H\u00f6chstwerte weiter bei 30 Grad und dar\u00fcber.<\/p>\n<p class=\"text-18 leading-17\">Dr. Bob, der Arzt, dem die Promis vertrauen, zeigt sich im Interview mit RTL besorgt \u00fcber das <a class=\"transition-colors duration-200 cursor-pointer text-inherit no-underline text-salemsfur md:hover:text-magenta md:hover:border-magenta md:focus:text-magenta border-current border-b border-solid break-words\" href=\"https:\/\/www.t-online.de\/wetter\" data-sctrack=\"BodyAnchor\" target=\"_blank\" rel=\"noopener\">Wetter<\/a>: &#8222;Wir erwarten 38 Grad im Schatten. In der Sonne sind das dann \u00fcber 40 Grad \u2013 und die Temperaturen k\u00f6nnten noch weiter steigen. Ich mache mir Sorgen um unsere Stars, denn die meisten trinken nicht genug Wasser.&#8220;<\/p>\n<p class=\"text-18 leading-17\">Der 75-J\u00e4hrige wird die Bewohner ganz genau im Blick haben. &#8222;Sie stehen viel in der Sonne und unterhalten sich. Da muss ich dann streng sein.&#8220; Eine RTL-Sprecherin erkl\u00e4rte zudem: &#8222;Um die Sicherheit der Stars und aller Mitarbeitenden stets zu gew\u00e4hrleisten, sind wir grunds\u00e4tzlich auf solche Ereignisse vorbereitet und reagieren nicht situativ.&#8220;<\/p>\n","protected":false},"excerpt":{"rendered":"Dschungelcamp 2026 Dr. Bob: &#8222;Ich mache mir Sorgen um unsere Stars&#8220; 23.01.2026 &#8211; 13:53 UhrLesedauer: 2 Min. Dr.&hellip;\n","protected":false},"author":2,"featured_media":740783,"comment_status":"","ping_status":"","sticky":false,"template":"","format":"standard","meta":{"footnotes":""},"categories":[1776],"tags":[1801,29,214,30,12196,3523,1802,640,215],"class_list":{"0":"post-740782","1":"post","2":"type-post","3":"status-publish","4":"format-standard","5":"has-post-thumbnail","7":"category-prominente","8":"tag-celebrities","9":"tag-deutschland","10":"tag-entertainment","11":"tag-germany","12":"tag-ich-bin-ein-star-holt-mich-hier-raus","13":"tag-kamera","14":"tag-prominente","15":"tag-rtl","16":"tag-unterhaltung"},"share_on_mastodon":{"url":"https:\/\/pubeurope.com\/@de\/115944739876605733","error":""},"_links":{"self":[{"href":"https:\/\/www.europesays.com\/de\/wp-json\/wp\/v2\/posts\/740782","targetHints":{"allow":["GET"]}}],"collection":[{"href":"https:\/\/www.europesays.com\/de\/wp-json\/wp\/v2\/posts"}],"about":[{"href":"https:\/\/www.europesays.com\/de\/wp-json\/wp\/v2\/types\/post"}],"author":[{"embeddable":true,"href":"https:\/\/www.europesays.com\/de\/wp-json\/wp\/v2\/users\/2"}],"replies":[{"embeddable":true,"href":"https:\/\/www.europesays.com\/de\/wp-json\/wp\/v2\/comments?post=740782"}],"version-history":[{"count":0,"href":"https:\/\/www.europesays.com\/de\/wp-json\/wp\/v2\/posts\/740782\/revisions"}],"wp:featuredmedia":[{"embeddable":true,"href":"https:\/\/www.europesays.com\/de\/wp-json\/wp\/v2\/media\/740783"}],"wp:attachment":[{"href":"https:\/\/www.europesays.com\/de\/wp-json\/wp\/v2\/media?parent=740782"}],"wp:term":[{"taxonomy":"category","embeddable":true,"href":"https:\/\/www.europesays.com\/de\/wp-json\/wp\/v2\/categories?post=740782"},{"taxonomy":"post_tag","embeddable":true,"href":"https:\/\/www.europesays.com\/de\/wp-json\/wp\/v2\/tags?post=740782"}],"curies":[{"name":"wp","href":"https:\/\/api.w.org\/{rel}","templated":true}]}}