{"id":740806,"date":"2026-01-23T14:04:11","date_gmt":"2026-01-23T14:04:11","guid":{"rendered":"https:\/\/www.europesays.com\/de\/740806\/"},"modified":"2026-01-23T14:04:11","modified_gmt":"2026-01-23T14:04:11","slug":"cybersicherheit-it-sicherheitsxperte-erwartet-zunahme-von-hackerangriffen","status":"publish","type":"post","link":"https:\/\/www.europesays.com\/de\/740806\/","title":{"rendered":"Cybersicherheit: IT-Sicherheitsxperte erwartet Zunahme von Hackerangriffen"},"content":{"rendered":"<p class=\"text\">\nDer IT-Sicherheitsexperte Manuel Atug erwartet, dass die Zahl der Hackerangriffe in Deutschland weiter steigen wird. Als Grund nannte er im Interview mit MDR AKTUELL, dass die Bundesl\u00e4nder bisher keine Ma\u00dfnahmen beschlossen haben, um die Cybersicherheit zu verbessern.\n<\/p>\n<p class=\"text\">\n&#8222;Und so wartet jeder auf den anderen und niemand m\u00f6chte die Verantwortung in die Hand nehmen&#8220;. Auch, dass f\u00fcr mehr Cybersicherheit teures Geld investiert werden m\u00fcsse, schrecke die L\u00e4nder ab.\n<\/p>\n<p>\nZur Person: Manuel Atug<br \/>\nManuel Atug ist der Gr\u00fcnder der Arbeitsgruppe Kritische Infrastrukturen (AG Kritis) und unter anderem Mitglied im Chaos Computer Club. Er befasst sich seit \u00fcber 20 Jahren mit Themen wie Hybrid Warfare, Cybersicherheitsstrategien und digitalem Katastrophenschutz.\n<\/p>\n<p>Experte: Kriminelle Hackerbanden greifen jeden Bereich an<\/p>\n<p class=\"text\">\nAtug zufolge ist kein Bereich, keine Branche vor Hackerangriffen sicher. So seien etwa die Bereiche Medien, Kultur, Staat und Verwaltung bei Cybersicherheit und Sicherheitsma\u00dfnahmen generell schlecht aufgestellt. &#8222;Bei den Kommunen sehen wir, dass die der Reihe nach erfolgreich angegriffen werden&#8220;. Das k\u00e4me auch bei kommunalen Dienstleister vor. Zuletzt wurde in Sachsen-Anhalt zum Beispiel bei <a href=\"https:\/\/www.mdr.de\/nachrichten\/sachsen-anhalt\/halle\/saalekreis\/querfurt-sirenen-alarm-ermittlungen-polizei-104.html\" title=\"Falscher Alarm in Querfurt und Halle: Polizei ermittelt, Bund pr\u00fcft Konsequenzen\" target=\"_blank\" rel=\"noopener\">Cyberangriffen auf Halle und Querfurt<\/a> Sirenenalarm ausgel\u00f6st.\n<\/p>\n<p class=\"text\">\nDas Interview in voller L\u00e4nge zum Nachh\u00f6ren:<\/p>\n","protected":false},"excerpt":{"rendered":"Der IT-Sicherheitsexperte Manuel Atug erwartet, dass die Zahl der Hackerangriffe in Deutschland weiter steigen wird. Als Grund nannte&hellip;\n","protected":false},"author":2,"featured_media":740807,"comment_status":"","ping_status":"","sticky":false,"template":"","format":"standard","meta":{"footnotes":""},"categories":[1860],"tags":[5968,14775,3364,29,2386,548,663,3934,30,15646,4062,17332,13,81,14,15,73157,17331,859,860,12,861,103],"class_list":{"0":"post-740806","1":"post","2":"type-post","3":"status-publish","4":"format-standard","5":"has-post-thumbnail","7":"category-halle-saale","8":"tag-kritische-infrastruktur","9":"tag-cyberangriff","10":"tag-de","11":"tag-deutschland","12":"tag-dresden","13":"tag-eu","14":"tag-europa","15":"tag-europe","16":"tag-germany","17":"tag-hacker","18":"tag-halle","19":"tag-halle-saale","20":"tag-headlines","21":"tag-mdr","22":"tag-nachrichten","23":"tag-news","24":"tag-querfurt","25":"tag-saale","26":"tag-sachsen","27":"tag-sachsen-anhalt","28":"tag-schlagzeilen","29":"tag-thueringen","30":"tag-welt"},"share_on_mastodon":{"url":"https:\/\/pubeurope.com\/@de\/115944794884596277","error":""},"_links":{"self":[{"href":"https:\/\/www.europesays.com\/de\/wp-json\/wp\/v2\/posts\/740806","targetHints":{"allow":["GET"]}}],"collection":[{"href":"https:\/\/www.europesays.com\/de\/wp-json\/wp\/v2\/posts"}],"about":[{"href":"https:\/\/www.europesays.com\/de\/wp-json\/wp\/v2\/types\/post"}],"author":[{"embeddable":true,"href":"https:\/\/www.europesays.com\/de\/wp-json\/wp\/v2\/users\/2"}],"replies":[{"embeddable":true,"href":"https:\/\/www.europesays.com\/de\/wp-json\/wp\/v2\/comments?post=740806"}],"version-history":[{"count":0,"href":"https:\/\/www.europesays.com\/de\/wp-json\/wp\/v2\/posts\/740806\/revisions"}],"wp:featuredmedia":[{"embeddable":true,"href":"https:\/\/www.europesays.com\/de\/wp-json\/wp\/v2\/media\/740807"}],"wp:attachment":[{"href":"https:\/\/www.europesays.com\/de\/wp-json\/wp\/v2\/media?parent=740806"}],"wp:term":[{"taxonomy":"category","embeddable":true,"href":"https:\/\/www.europesays.com\/de\/wp-json\/wp\/v2\/categories?post=740806"},{"taxonomy":"post_tag","embeddable":true,"href":"https:\/\/www.europesays.com\/de\/wp-json\/wp\/v2\/tags?post=740806"}],"curies":[{"name":"wp","href":"https:\/\/api.w.org\/{rel}","templated":true}]}}