{"id":74081,"date":"2025-04-30T20:27:08","date_gmt":"2025-04-30T20:27:08","guid":{"rendered":"https:\/\/www.europesays.com\/de\/74081\/"},"modified":"2025-04-30T20:27:08","modified_gmt":"2025-04-30T20:27:08","slug":"feministische-demonstration-in-kreuzberg-gestartet","status":"publish","type":"post","link":"https:\/\/www.europesays.com\/de\/74081\/","title":{"rendered":"Feministische Demonstration in Kreuzberg gestartet"},"content":{"rendered":"<p class=\"paragraph tw-mx-auto tw-mb-6\">Rund 2.400 Menschen sind bei einer queer-feministischen Demonstration mit dem Titel \u201eTake Back the Night\u201c von Kreuzberg in Richtung Friedrichshain unterwegs. Es k\u00e4men immer noch neue Teilnehmerinnen und Teilnehmer dazu, die Zahl k\u00f6nnte sich also im Laufe des Abends erh\u00f6hen, sagte ein Polizeisprecher um 21.50 Uhr. Der Demonstrationszug war kurz vorher am Mariannenplatz gestartet.<\/p>\n<p class=\"paragraph tw-mx-auto tw-mb-6\">Bislang sei alles friedlich, sagte der Sprecher. Vereinzeln sei Pyrotechnik gez\u00fcndet worden. Festnahmen gab es zun\u00e4chst keine. In den vergangenen Jahren war die Stimmung aggressiv und es gab auch Flaschenw\u00fcrfe Richtung Polizei.<\/p>\n<p>Solidarit\u00e4t mit allen Formen des Widerstands<\/p>\n<p class=\"paragraph tw-mx-auto tw-mb-6\">Queerfeminismus bezeichnet eine Str\u00f6mung des Feminismus, die davon ausgeht, dass das Geschlecht nicht biologisch vorherbestimmt und angeboren ist, sondern gesellschaftlich anerzogen und gepr\u00e4gt ist.\u00a0<\/p>\n<p class=\"paragraph tw-mx-auto tw-mb-6\">Die linken Demonstrantinnen und Demonstranten solidarisieren sich mit allen K\u00e4mpfen unterdr\u00fcckter Personen weltweit und allen Formen des Widerstands, wie es im Demoaufruf hei\u00dft. Die Veranstaltung richtete sich auch gegen deutsche Waffenlieferungen und kritisierte den Umgang mit propal\u00e4stinensischen Demonstranten.\u00a0<\/p>\n<p class=\"paragraph tw-mx-auto tw-mb-6\">In der Walpurgisnacht vom 30. April auf den 1. Mai betreuen laut Polizei rund 2.500 Einsatzkr\u00e4fte mehrere Versammlungen und Veranstaltungen in der Stadt.<\/p>\n","protected":false},"excerpt":{"rendered":"Rund 2.400 Menschen sind bei einer queer-feministischen Demonstration mit dem Titel \u201eTake Back the Night\u201c von Kreuzberg in&hellip;\n","protected":false},"author":2,"featured_media":74082,"comment_status":"","ping_status":"","sticky":false,"template":"","format":"standard","meta":{"footnotes":""},"categories":[1825],"tags":[13657,296,710,29,30],"class_list":{"0":"post-74081","1":"post","2":"type-post","3":"status-publish","4":"format-standard","5":"has-post-thumbnail","7":"category-berlin","8":"tag-1-mai","9":"tag-berlin","10":"tag-demonstrationen","11":"tag-deutschland","12":"tag-germany"},"share_on_mastodon":{"url":"https:\/\/pubeurope.com\/@de\/114428801463286048","error":""},"_links":{"self":[{"href":"https:\/\/www.europesays.com\/de\/wp-json\/wp\/v2\/posts\/74081","targetHints":{"allow":["GET"]}}],"collection":[{"href":"https:\/\/www.europesays.com\/de\/wp-json\/wp\/v2\/posts"}],"about":[{"href":"https:\/\/www.europesays.com\/de\/wp-json\/wp\/v2\/types\/post"}],"author":[{"embeddable":true,"href":"https:\/\/www.europesays.com\/de\/wp-json\/wp\/v2\/users\/2"}],"replies":[{"embeddable":true,"href":"https:\/\/www.europesays.com\/de\/wp-json\/wp\/v2\/comments?post=74081"}],"version-history":[{"count":0,"href":"https:\/\/www.europesays.com\/de\/wp-json\/wp\/v2\/posts\/74081\/revisions"}],"wp:featuredmedia":[{"embeddable":true,"href":"https:\/\/www.europesays.com\/de\/wp-json\/wp\/v2\/media\/74082"}],"wp:attachment":[{"href":"https:\/\/www.europesays.com\/de\/wp-json\/wp\/v2\/media?parent=74081"}],"wp:term":[{"taxonomy":"category","embeddable":true,"href":"https:\/\/www.europesays.com\/de\/wp-json\/wp\/v2\/categories?post=74081"},{"taxonomy":"post_tag","embeddable":true,"href":"https:\/\/www.europesays.com\/de\/wp-json\/wp\/v2\/tags?post=74081"}],"curies":[{"name":"wp","href":"https:\/\/api.w.org\/{rel}","templated":true}]}}