{"id":740881,"date":"2026-01-23T14:45:08","date_gmt":"2026-01-23T14:45:08","guid":{"rendered":"https:\/\/www.europesays.com\/de\/740881\/"},"modified":"2026-01-23T14:45:08","modified_gmt":"2026-01-23T14:45:08","slug":"gefaehrliche-eisflaechen-staedte-warnen-vor-lebensgefahr","status":"publish","type":"post","link":"https:\/\/www.europesays.com\/de\/740881\/","title":{"rendered":"Gef\u00e4hrliche Eisfl\u00e4chen \u2013 St\u00e4dte warnen vor Lebensgefahr"},"content":{"rendered":"<p>Glitzernde Eisfl\u00e4chen locken \u2013 doch ein Schritt kann zur t\u00f6dlichen Falle werden. Warum Eltern jetzt besonders auf ihre Kinder und bestimmte Flaggen achten sollten. <\/p>\n<p>Das Betreten zugefrorener Gew\u00e4sser ist derzeit vielerorts lebensgef\u00e4hrlich. Darauf verweisen zahlreiche St\u00e4dte in Niedersachsen und Bremen. So warnt die Stadtverwaltung Hannover vor dem Betreten des Maschsees. Auch in Oldenburg haben sich noch keine tragf\u00e4higen Eisst\u00e4rken gebildet, wie ein Stadtsprecher auf dpa-Nachfrage schreibt. Die Verwaltung warne vor dem Betreten von Eisfl\u00e4chen.\u00a0 <\/p>\n<p>\u00c4hnliches kommt aus Osnabr\u00fcck. Eisfl\u00e4chen sollten auf keinen Fall betreten werden, teilt ein Stadtsprecher mit. \u201eEs besteht Lebensgefahr!\u201c Auch eine Sprecherin des Bremer Umweltressorts warnt davor, auf gefrorene Gew\u00e4sser zu gehen. <\/p>\n<p>                &#13;<br \/>\n                  &#13;<br \/>\n                    &#13;<br \/>\n                    &#13;<br \/>\n                    <img decoding=\"async\"   src=\"https:\/\/www.europesays.com\/de\/wp-content\/uploads\/2026\/01\/das-betreten-von-eisflaechen-ist-vielerorts-verboten-707150.jpg\" title=\"Gef\u00e4hrliche Eisfl\u00e4chen \u2013 St\u00e4dte warnen vor Lebensgefahr - Foto: Michael Matthey\" alt=\"Das Betreten von Eisfl\u00e4chen ist vielerorts verboten. (Archivbild)  - Foto: Michael Matthey\" class=\"img-responsive\"\/>&#13;<br \/>\n                  &#13;<br \/>\n                  &#13;<\/p>\n<p>Das Betreten von Eisfl\u00e4chen ist vielerorts verboten. (Archivbild)  <\/p>\n<p>&#13;<br \/>\n                  &#13;<\/p>\n<p class=\"image-credit\">Foto: Michael Matthey<\/p>\n<p>Grund f\u00fcr die Warnungen ist, dass der menschliche K\u00f6rper bei einem Einbruch ins sehr kalte Wasser extrem schnell ausk\u00fchlt. Die betroffene Person wird dadurch in kurzer Zeit bewegungsunf\u00e4hig und droht zu ertrinken. Erwachsene sollten Kinder auf die Gefahren aufmerksam machen, hie\u00df es etwa von einer Sprecherin der Stadt Hannover.\u00a0 <\/p>\n<p>Nur wenn die Eisschicht sehr dick ist, ist das Betreten sicher. Beim Maschsee in Hannover ist das nach Angaben der Stadt bei einer durchgehenden St\u00e4rke von mindestens 13 Zentimetern der Fall. Dann k\u00f6nne das Eis auf dem Maschsee zum Betreten freigegeben werden &#8211; signalisiert durch das Hissen der rot-wei\u00dfen Stadtflagge (mit Stadtwappen) am Nord- und S\u00fcdufer. <\/p>\n<p>            &#13;<br \/>\n              Auch andere St\u00e4dte k\u00f6nnen Eisfl\u00e4chen freigeben <\/p>\n<p>Auch in anderen St\u00e4dten gibt es Gew\u00e4sser, die freigegeben werden, sobald sich eine tragf\u00e4hige geschlossene Eisdecke gebildet hat. So pr\u00fcft die Stadt Braunschweig den n\u00f6rdlichen Bereich des S\u00fcdsees und gibt die Eisfl\u00e4che bei ausreichender Sicherheit zum Eissport auf eigene Gefahr frei. Sichtbar ist die Freigabe durch blaue Flaggen mit einem gelben Schlittschuhl\u00e4ufer. Wenn die blauen Flaggen nicht gehisst sind, ist das Betreten verboten, schreibt die Stadt. <\/p>\n<p>In Braunschweig gibt es auch einen Teich, der im Winter nur wenig Wasser hat, den Kreuzteich in Riddagshausen. Das Betreten der Eisfl\u00e4che geschieht dort auf eigene Gefahr, wie ein Stadtsprecher mitteilt. Die Menschen sollten sehr vorsichtig sein. <\/p>\n<p><img decoding=\"async\"   src=\"https:\/\/www.europesays.com\/de\/wp-content\/uploads\/2026\/01\/es-braucht-viele-sehr-kalte-tage-bis-sich-auf-groesseren-707151.jpg\" title=\"Gef\u00e4hrliche Eisfl\u00e4chen \u2013 St\u00e4dte warnen vor Lebensgefahr - Foto: Julian Stratenschulte\" alt=\"Es braucht viele sehr kalte Tage bis sich auf gr\u00f6\u00dferen Gew\u00e4ssern eine dicke und tragf\u00e4hige Eisschicht gebildet hat. (Archivbild) - Foto: Julian Stratenschulte\" class=\"img-responsive\"\/><\/p>\n<p>Es braucht viele sehr kalte Tage bis sich auf gr\u00f6\u00dferen Gew\u00e4ssern eine dicke und tragf\u00e4hige Eisschicht gebildet hat. (Archivbild) <\/p>\n<p class=\"image-credit\">Foto: Julian Stratenschulte<\/p>\n","protected":false},"excerpt":{"rendered":"Glitzernde Eisfl\u00e4chen locken \u2013 doch ein Schritt kann zur t\u00f6dlichen Falle werden. Warum Eltern jetzt besonders auf ihre&hellip;\n","protected":false},"author":2,"featured_media":740882,"comment_status":"","ping_status":"","sticky":false,"template":"","format":"standard","meta":{"footnotes":""},"categories":[1824],"tags":[2420,3364,29,2507,30,6454,6237,1411,4106,1973],"class_list":{"0":"post-740881","1":"post","2":"type-post","3":"status-publish","4":"format-standard","5":"has-post-thumbnail","7":"category-bremen","8":"tag-bremen","9":"tag-de","10":"tag-deutschland","11":"tag-freizeit","12":"tag-germany","13":"tag-hobby","14":"tag-natur","15":"tag-niedersachsen","16":"tag-wasser","17":"tag-wetter"},"share_on_mastodon":{"url":"https:\/\/pubeurope.com\/@de\/115944955987612534","error":""},"_links":{"self":[{"href":"https:\/\/www.europesays.com\/de\/wp-json\/wp\/v2\/posts\/740881","targetHints":{"allow":["GET"]}}],"collection":[{"href":"https:\/\/www.europesays.com\/de\/wp-json\/wp\/v2\/posts"}],"about":[{"href":"https:\/\/www.europesays.com\/de\/wp-json\/wp\/v2\/types\/post"}],"author":[{"embeddable":true,"href":"https:\/\/www.europesays.com\/de\/wp-json\/wp\/v2\/users\/2"}],"replies":[{"embeddable":true,"href":"https:\/\/www.europesays.com\/de\/wp-json\/wp\/v2\/comments?post=740881"}],"version-history":[{"count":0,"href":"https:\/\/www.europesays.com\/de\/wp-json\/wp\/v2\/posts\/740881\/revisions"}],"wp:featuredmedia":[{"embeddable":true,"href":"https:\/\/www.europesays.com\/de\/wp-json\/wp\/v2\/media\/740882"}],"wp:attachment":[{"href":"https:\/\/www.europesays.com\/de\/wp-json\/wp\/v2\/media?parent=740881"}],"wp:term":[{"taxonomy":"category","embeddable":true,"href":"https:\/\/www.europesays.com\/de\/wp-json\/wp\/v2\/categories?post=740881"},{"taxonomy":"post_tag","embeddable":true,"href":"https:\/\/www.europesays.com\/de\/wp-json\/wp\/v2\/tags?post=740881"}],"curies":[{"name":"wp","href":"https:\/\/api.w.org\/{rel}","templated":true}]}}