{"id":7409,"date":"2025-04-04T10:18:13","date_gmt":"2025-04-04T10:18:13","guid":{"rendered":"https:\/\/www.europesays.com\/de\/7409\/"},"modified":"2025-04-04T10:18:13","modified_gmt":"2025-04-04T10:18:13","slug":"mit-der-faust-in-die-welt-schlagen-in-leipzig-klatscht-niemand","status":"publish","type":"post","link":"https:\/\/www.europesays.com\/de\/7409\/","title":{"rendered":"&#8222;Mit der Faust in die Welt schlagen&#8220; : In Leipzig klatscht niemand"},"content":{"rendered":"<p class=\"paragraph\">Manchmal muss man anfangen zu suchen, auch ohne zu wissen, was man finden will. Also folgendes Vorgehen f\u00fcr einen Vergleich: Besuch bei zwei Vorpremieren von Mit der Faust in die Welt schlagen, einmal <a class=\"rtr-entity\" href=\"https:\/\/www.zeit.de\/thema\/berlinale\" rel=\"nofollow noopener\" target=\"_blank\">Berlinale<\/a>, einmal Leipzig, einmal Weltb\u00fchne mit englischen Untertiteln, einmal vertrautes Terrain. Mitunter versteht man sich ja erst au\u00dferhalb der Heimat selbst oder wird von au\u00dfen besser verstanden. Wie ist es hier?\n<\/p>\n<p class=\"paragraph\">Es ist Februar, Schnee liegt, die Weltpremiere l\u00e4uft in einem Kino am Potsdamer Platz, direkt neben dem Berlinale-Palast. Trotz etwas Chaos wirkt alles glamour\u00f6s, der <a class=\"rtr-entity\" href=\"https:\/\/www.zeit.de\/thema\/film\" rel=\"nofollow noopener\" target=\"_blank\">Film<\/a> ist gefragt. Vor dem Eingang halten ein paar Leute &#8222;Suche Ticket&#8220;-Schilder nach oben. Dabei eine Mutter mit ihren zwei Kindern, zw\u00f6lf und 14 Jahre alt. Wieso sie unbedingt in diesen Film wollen? &#8222;Die Altersbeschr\u00e4nkung&#8220;, sagt die Frau. Er sei ab zw\u00f6lf Jahren, zudem auf Deutsch, danach h\u00e4tten sie das Programm durchforstet. Ihnen geht es also mehr ums Kino als um Ostdeutschland.<\/p>\n","protected":false},"excerpt":{"rendered":"Manchmal muss man anfangen zu suchen, auch ohne zu wissen, was man finden will. Also folgendes Vorgehen f\u00fcr&hellip;\n","protected":false},"author":2,"featured_media":7410,"comment_status":"","ping_status":"","sticky":false,"template":"","format":"standard","meta":{"footnotes":"","_share_on_mastodon":"0"},"categories":[1832],"tags":[296,5545,3364,29,30,95,6131,80,71,5283,4200,859],"class_list":["post-7409","post","type-post","status-publish","format-standard","has-post-thumbnail","category-leipzig","tag-berlin","tag-berlinale","tag-de","tag-deutschland","tag-germany","tag-kino","tag-klischee","tag-kultur","tag-leipzig","tag-mit-der-faust-in-die-welt-schlagen","tag-ostdeutschland","tag-sachsen"],"share_on_mastodon":{"url":"https:\/\/pubeurope.com\/@de\/114279186602794022","error":""},"_links":{"self":[{"href":"https:\/\/www.europesays.com\/de\/wp-json\/wp\/v2\/posts\/7409","targetHints":{"allow":["GET"]}}],"collection":[{"href":"https:\/\/www.europesays.com\/de\/wp-json\/wp\/v2\/posts"}],"about":[{"href":"https:\/\/www.europesays.com\/de\/wp-json\/wp\/v2\/types\/post"}],"author":[{"embeddable":true,"href":"https:\/\/www.europesays.com\/de\/wp-json\/wp\/v2\/users\/2"}],"replies":[{"embeddable":true,"href":"https:\/\/www.europesays.com\/de\/wp-json\/wp\/v2\/comments?post=7409"}],"version-history":[{"count":0,"href":"https:\/\/www.europesays.com\/de\/wp-json\/wp\/v2\/posts\/7409\/revisions"}],"wp:featuredmedia":[{"embeddable":true,"href":"https:\/\/www.europesays.com\/de\/wp-json\/wp\/v2\/media\/7410"}],"wp:attachment":[{"href":"https:\/\/www.europesays.com\/de\/wp-json\/wp\/v2\/media?parent=7409"}],"wp:term":[{"taxonomy":"category","embeddable":true,"href":"https:\/\/www.europesays.com\/de\/wp-json\/wp\/v2\/categories?post=7409"},{"taxonomy":"post_tag","embeddable":true,"href":"https:\/\/www.europesays.com\/de\/wp-json\/wp\/v2\/tags?post=7409"}],"curies":[{"name":"wp","href":"https:\/\/api.w.org\/{rel}","templated":true}]}}