{"id":741198,"date":"2026-01-23T17:37:17","date_gmt":"2026-01-23T17:37:17","guid":{"rendered":"https:\/\/www.europesays.com\/de\/741198\/"},"modified":"2026-01-23T17:37:17","modified_gmt":"2026-01-23T17:37:17","slug":"muetter-in-drei-akten-%c2%b7-leipziger-zeitung","status":"publish","type":"post","link":"https:\/\/www.europesays.com\/de\/741198\/","title":{"rendered":"M\u00fctter in drei Akten \u00b7 Leipziger Zeitung"},"content":{"rendered":"<p>\u201eBack then I didn\u2019t know why \/ Why you were misunderstood (Mama) \/ So now I see through your eyes \/ All that you did was love\u201d , singen die Spice Girls in ihrem Song \u201eMama\u201c. Wer ist diese Frau? Wie gut kennt sie mich? Und wie gut kennen wir unsere M\u00fctter? Und warum ist eigentlich immer wieder alles so, wie es ist? Inspiriert von Mich\u00e8le Rotens \u201eWie Mutter sein\u201c und Popsongs aus den 1980ern bis heute wagt \u201eM\u00fctter in drei Akten\u201c eine spielerische Ann\u00e4herung an unser In-der-Welt-Sein.<\/p>\n<p>\u00dcber die Beziehung zu unseren M\u00fcttern wird auf der B\u00fchne unser gesellschaftlicher Umgang mit Vertrauen, Kontakt, Trauer, Einsamkeit und Freundschaft erforscht und etwas genauer hingeschaut: Was sind unsere individuellen, was unsere kollektiven Erfahrungen und was ist einfach nur Pop?<\/p>\n<p>Es wird ein bunter Abend aus Performance, O-Ton, Video, Karaoke und Live-Musik in den Cammerspielen irgendwo zwischen Couch und Konzertparty. Das Publikum ist dabei herzlich eingeladen, an dieser Auseinandersetzung \u00fcber die eigene Identit\u00e4t teilzunehmen (kein Mitmachtheater!) oder es sich einfach bei einem St\u00fcck Kuchen gem\u00fctlich zu machen. Denn wie Kate Bush einst sang: \u201cMother stands for Comfort\u201d \u2026 wir werden sehen.<\/p>\n<p><strong>Premiere feiert \u201eM\u00fctter in drei Akten\u201c<\/strong> von Carmen Orschinski am Donnerstag, dem 29. Januar, um 20:00 Uhr in den <a href=\"http:\/\/www.cammerspiele.de\" target=\"_blank\" rel=\"noopener nofollow\">Cammerspielen Leipzig<\/a> (Kochstra\u00dfe 132, 04277 Leipzig).<\/p>\n<p>Weitere Termine f\u00fcr Auff\u00fchrungen sind am Samstag, 31. Januar, um 20 Uhr und am Sonntag, 1. Februar, um 18:00 Uhr, au\u00dferdem am Freitag, dem 20. Februar, und am Samstag, 21. Februar, jeweils 20:00 Uhr.<\/p>\n<p><strong>Konzept &amp; Regie:<\/strong> Carmen Orschinski<br \/><strong>Musik:<\/strong> Tina Mamczur &amp; Carmen Orschinski<br \/><strong>Performance:<\/strong> Tina Bolle &amp; Carmen Orschinski<br \/><strong>Ausstattung &amp; Kost\u00fcm:<\/strong> Tina Mamczur<br \/><strong>Dramaturgie:<\/strong> Tina Bolle<\/p>\n","protected":false},"excerpt":{"rendered":"\u201eBack then I didn\u2019t know why \/ Why you were misunderstood (Mama) \/ So now I see through&hellip;\n","protected":false},"author":2,"featured_media":741199,"comment_status":"","ping_status":"","sticky":false,"template":"","format":"standard","meta":{"footnotes":"","_share_on_mastodon":"0"},"categories":[1832],"tags":[31954,3364,29,30,71,6003,859],"class_list":["post-741198","post","type-post","status-publish","format-standard","has-post-thumbnail","category-leipzig","tag-cammerspiele","tag-de","tag-deutschland","tag-germany","tag-leipzig","tag-premiere","tag-sachsen"],"share_on_mastodon":{"url":"https:\/\/pubeurope.com\/@de\/115945632201347231","error":""},"_links":{"self":[{"href":"https:\/\/www.europesays.com\/de\/wp-json\/wp\/v2\/posts\/741198","targetHints":{"allow":["GET"]}}],"collection":[{"href":"https:\/\/www.europesays.com\/de\/wp-json\/wp\/v2\/posts"}],"about":[{"href":"https:\/\/www.europesays.com\/de\/wp-json\/wp\/v2\/types\/post"}],"author":[{"embeddable":true,"href":"https:\/\/www.europesays.com\/de\/wp-json\/wp\/v2\/users\/2"}],"replies":[{"embeddable":true,"href":"https:\/\/www.europesays.com\/de\/wp-json\/wp\/v2\/comments?post=741198"}],"version-history":[{"count":0,"href":"https:\/\/www.europesays.com\/de\/wp-json\/wp\/v2\/posts\/741198\/revisions"}],"wp:featuredmedia":[{"embeddable":true,"href":"https:\/\/www.europesays.com\/de\/wp-json\/wp\/v2\/media\/741199"}],"wp:attachment":[{"href":"https:\/\/www.europesays.com\/de\/wp-json\/wp\/v2\/media?parent=741198"}],"wp:term":[{"taxonomy":"category","embeddable":true,"href":"https:\/\/www.europesays.com\/de\/wp-json\/wp\/v2\/categories?post=741198"},{"taxonomy":"post_tag","embeddable":true,"href":"https:\/\/www.europesays.com\/de\/wp-json\/wp\/v2\/tags?post=741198"}],"curies":[{"name":"wp","href":"https:\/\/api.w.org\/{rel}","templated":true}]}}