{"id":741444,"date":"2026-01-23T19:52:18","date_gmt":"2026-01-23T19:52:18","guid":{"rendered":"https:\/\/www.europesays.com\/de\/741444\/"},"modified":"2026-01-23T19:52:18","modified_gmt":"2026-01-23T19:52:18","slug":"kunstaktion-am-29-januar-2026","status":"publish","type":"post","link":"https:\/\/www.europesays.com\/de\/741444\/","title":{"rendered":"Kunstaktion am 29. Januar 2026"},"content":{"rendered":"<p>    <a href=\"https:\/\/www.ruhrnachrichten.de\/wp-content\/uploads\/2026\/01\/23\/13\/630_0900_5659863_-1648x824.jpg\" rel=\"nofollow noopener\" target=\"_blank\"><\/p>\n<p>            <img loading=\"lazy\" decoding=\"async\" src=\"https:\/\/www.europesays.com\/de\/wp-content\/uploads\/2026\/01\/630_0900_5659860_-640x428.jpg\" width=\"640\" height=\"428\"  alt=\"\"\/><\/p>\n<p>    <\/a><br \/>\n    Katja Stuke und Oliver Sieber freuen sich auf den Austausch mit den interessierten Schwerterinnen und Schwertern. \u00a9 Rolf K. Wegst<\/p>\n<p class=\"article__teaser-text\">Gro\u00dffl\u00e4chige Kunstaktion an vier Billboards. Die Grand Snail Tour startet in Schwerte in ihr drittes Jahr.<\/p>\n<p>3 Min Lesezeit<\/p>\n<p>Zum Jahresauftakt macht die Grand Snail Tour von Urbane K\u00fcnste Ruhr Station in Schwerte. Treffpunkt rund um die Aktion der K\u00fcnstler*innen Katja Stuke und Oliver Sieber (auch bekannt als B\u00f6hm Kobayashi) wird ein Parkplatz sein \u2013 ein \u00f6ffentlicher Ort, der wom\u00f6glich erst beim zweiten Hinsehen als ein solcher wahrgenommen wird, aber etwa als Treffpunkt eine gro\u00dfe Rolle spielen kann. Das K\u00fcnstler*innen-Duo aus D\u00fcsseldorf gestaltet vier vorhandene Billboards als Oberfl\u00e4chen f\u00fcr ihre Arbeiten um und tritt so in den Dialog mit der Umgebung.<\/p>\n<p>Die <a target=\"_blank\" href=\"https:\/\/www.urbanekuensteruhr.de\/grand-snail-tour\" rel=\"sponsored nofollow noopener\">k\u00fcnstlerischen Arbeiten<\/a> werden an den gro\u00dfformatigen Stellfl\u00e4chen bereits am Montag, 26. Januar, angebracht. Stuke und Sieber verbinden in ihren Werken Fotografie, Publikation, Video und kuratorische Praxis. In Schwerte begeben sie sich am Tag der Veranstaltung ab 17 Uhr au\u00dferdem in den offenen Austausch mit dem Hamburger K\u00fcnstler Tilman Walther, der bei diesem Tourstopp als Chronist t\u00e4tig sein wird. Mit dabei sind wie immer auch einige Werke aus der Sammlung der Tour und ein hei\u00dfer Tee.<\/p>\n<p>Alle Informationen<\/p>\n<ul class=\"wp-block-list\">\n<li><b>Datum<\/b>: Donnerstag, 29. Januar 2026<\/li>\n<li><b>Uhrzeit<\/b>: 15-18:30 Uhr<\/li>\n<li><b>Ort<\/b>: Beckestra\u00dfe 98, 58239 Schwerte<\/li>\n<\/ul>\n<p><b>Programm<\/b><\/p>\n<ul class=\"wp-block-list\">\n<li>Ab 15 Uhr K\u00fcnstlerische Aktion von Katja Stuke und Oliver Sieber<\/li>\n<li>17 Uhr Offener Austausch mit Katja Stuke, Oliver Sieber und Tilman Walther<\/li>\n<\/ul>\n<p><b>Katja Stuke und Oliver Sieber<\/b> verschr\u00e4nken in ihrer Arbeit Fotografie, Publikation, Video und kuratorische Praxis miteinander. Ihre teils langfristigen k\u00fcnstlerischen Recherchen untersuchen verschiedene Bildkulturen und die Zusammenh\u00e4nge von fotografischen Bildern und gesellschaftlichen Fragestellungen. Sie realisieren seit \u00fcber 25 Jahren K\u00fcnstler-Publikationen (als B\u00f6hm Kobayashi) und seit 2010 das kuratorische Projekt ANT!FOTO. Sie leben und arbeiten in D\u00fcsseldorf.<\/p>\n<p>Seit 2005 arbeiten sie regelm\u00e4\u00dfig im Ausland, oft in Osaka, Tokio, Paris, aber auch in Chicago, Chongqing, Rotterdam, Sarajevo oder Toronto. 2024 wurden sie mit dem MO_Kunstpreis Museum Ostwall, Dortmund, ausgezeichnet. 2023 waren sie Preistr\u00e4ger des \u201eRegards du Grand Paris\u201c. Zuletzt haben sie ihre Arbeit \u201eLe Monde de Demain\u201c im Projektb\u00fcro des DFI e.V. in D\u00fcsseldorf gezeigt.<\/p>\n<p><img decoding=\"async\" loading=\"lazy\" src=\"https:\/\/www.europesays.com\/de\/wp-content\/uploads\/2026\/01\/630_0863_1142700_BC_RN_Medienkooperation_Urbane_Kuenste_630_0900_5660062_.jpg\" alt=\"\"\/>Stadtspaziergang in Schwerte f\u00fcr Urbane K\u00fcnste Ruhr und die Grand Snail Tour.\u00a9 Heinrich Holtgreve<\/p>\n<p><b>Tilman Walther<\/b> lebt und arbeitet in Hamburg und ist als K\u00fcnstler, Autor und Kurator t\u00e4tig. Er schreibt und spricht zu Partizipation und Inklusion in musealer Kulturproduktion und zu Geschichts- und Opfernarrationen der fr\u00fchen BRD. K\u00fcnstlerisch und wissenschaftlich untersucht er den gebauten Stadtraum als Ort der Geschichtserz\u00e4hlung, der gesellschaftlichen Selbstdarstellung und als kollektiven Trauerraum. Seit 2020 leitet Tilman Walther, gemeinsam mit Nina Lucia Gro\u00df, den Freiraum im Museum f\u00fcr Kunst und Gewerbe Hamburg als Raum f\u00fcr Partizipation und Diskurs. Gemeinsam mit ihrem Team konzipieren, kuratieren sie Veranstaltungs- und Diskursprogramm zur politischen und kulturellen Bildung im Freiraum. Im Mittelpunkt stehen dabei Fragen nach der (Mit-)Gestaltung von Zusammenleben, Geschichtsschreibung und gemeinsamer Gegenwart.<\/p>\n<p>Werke aus der Sammlung der Grand Snail Tour<\/p>\n<p>Einen wesentlichen Bestandteil der <a target=\"_blank\" href=\"https:\/\/www.urbanekuensteruhr.de\/grand-snail-tour\" rel=\"sponsored nofollow noopener\">Grand Snail Tour<\/a> bildet ein \u2013 sich nach und nach erweiternder \u2013 Pool an Arbeiten internationaler K\u00fcnstler*innen, die individuell vor- und ausgestellt, vor allem jedoch tats\u00e4chlich benutzt werden. Wir pr\u00e4sentieren eine Auswahl aus der st\u00e4ndig wachsenden Sammlung, die bisher die folgenden Werke umfasst:<\/p>\n<ul class=\"wp-block-list\">\n<li>Cem A. \u2013 floor pieces and stanchions<\/li>\n<li>Hav\u00een Al-S\u00eendy \u2013 Worte an den Ohren, an der Haut, an der Zelle<\/li>\n<li>Aram Bartholl \u2013 Missed Connections<\/li>\n<li>Cosima von Bonin \u2013 7000 Palmen<\/li>\n<li>Jordi Colomer \u2013 NEW RUHR MAP<\/li>\n<li>Kasia Fudakowski \u2013 Palliative Patterns<\/li>\n<li>L\u00fctfiye G\u00fczel \u2013 Local Blackouts<\/li>\n<li>Anna Haifisch \u2013 Kleine orange Schnecke<\/li>\n<li>Nils Norman \u2013 Tablescapes<\/li>\n<li>Sowatorini Landschaft \u2013 Sonne Art Minigolf<\/li>\n<li>Anna Viebrock \u2013 HEUTE DEMN\u00c4CHST ENDE<\/li>\n<\/ul>\n<p>Chronik<\/p>\n<p>Begleitet wird die Grand Snail Tour von K\u00fcnstler*innen, die Eindr\u00fccke in der jeweiligen Stadt sammeln und diese visuell oder literarisch ins Bild setzen. So entsteht allm\u00e4hlich eine vollst\u00e4ndige Reisechronik: ein Kaleidoskop an Momentaufnahmen aus den 53 St\u00e4dten und Gemeinden der Region.<\/p>\n<p><b>Chronist in Schwerte: Tilman Walther (Fotografie \/ Text)<\/b><\/p>\n<p>Die Grand Snail Tour 2024 \u2013 2027<\/p>\n<p>Die <a target=\"_blank\" href=\"https:\/\/www.urbanekuensteruhr.de\/grand-snail-tour\" rel=\"sponsored nofollow noopener\">Grand Snail Tour<\/a> ist ein mobiles Aktions- und Ausstellungsprojekt, das im Verlauf von drei Jahren durch alle 53 St\u00e4dte und Gemeinden des Ruhrgebiets reist. Das Projekt widmet sich experimentell und innovativ wichtigen Fragen des gesellschaftlichen Zusammenlebens: Wem geh\u00f6rt der \u00f6ffentliche Raum und wie k\u00f6nnen wir Orte der Zusammenkunft schaffen oder bestehende R\u00e4ume aktivieren? Welche Rolle spielt Kunst dabei? Wie kann Kunst zu den Menschen kommen, statt nur geduldig auf sie zu warten? Die Grand Snail Tour m\u00f6chte vielf\u00e4ltige Eindr\u00fccke hinterlassen, gemeinsame Erfahrungen anbieten und zum Mitreisen einladen.<\/p>\n<p><b>N\u00e4chste Station ist am 20. Februar 2026 Hagen.<\/b><\/p>\n<p>Die Grand Snail Tour endet voraussichtlich im Oktober 2027 in Herne.<\/p>\n<p>Urbane K\u00fcnste Ruhr \u2013 \u00fcber uns<\/p>\n<p>Urbane K\u00fcnste Ruhr ist eine dezentrale Institution f\u00fcr Gegenwartskunst im Ruhrgebiet, die in unterschiedlichen Formaten \u00f6ffentliche R\u00e4ume schafft und nachhaltig erforscht. 2012 im Anschluss an das Kulturhauptstadtjahr Ruhr.2010 gegr\u00fcndet, initiiert sie unter der K\u00fcnstlerischen Leitung von Britta Peters Ausstellungsprojekte f\u00fcr konkrete Orte und Situationen, Programme f\u00fcr Gastk\u00fcnstler*innen sowie die experimentelle Reise Grand Snail Tour durch die Region. Viele Projekte finden in Zusammenarbeit mit lokalen, \u00fcberregionalen und internationalen Partner*innen statt. Neben Ruhrtriennale, Tanzlandschaft Ruhr und Chorwerk Ruhr ist Urbane K\u00fcnste Ruhr Teil der Kultur Ruhr GmbH mit Sitz in Bochum, deren Gesellschafter und \u00f6ffentliche F\u00f6rderer das Land Nordrhein-Westfalen und der Regionalverband Ruhr sind.<\/p>\n","protected":false},"excerpt":{"rendered":"Katja Stuke und Oliver Sieber freuen sich auf den Austausch mit den interessierten Schwerterinnen und Schwertern. \u00a9 Rolf&hellip;\n","protected":false},"author":2,"featured_media":741445,"comment_status":"","ping_status":"","sticky":false,"template":"","format":"standard","meta":{"footnotes":"","_share_on_mastodon":"0"},"categories":[1839],"tags":[7237,7507,3364,29,30,66733,1209],"class_list":["post-741444","post","type-post","status-publish","format-standard","has-post-thumbnail","category-bochum","tag-anzeige","tag-bochum","tag-de","tag-deutschland","tag-germany","tag-kunstaktion","tag-nordrhein-westfalen"],"share_on_mastodon":{"url":"https:\/\/pubeurope.com\/@de\/115946163129390885","error":""},"_links":{"self":[{"href":"https:\/\/www.europesays.com\/de\/wp-json\/wp\/v2\/posts\/741444","targetHints":{"allow":["GET"]}}],"collection":[{"href":"https:\/\/www.europesays.com\/de\/wp-json\/wp\/v2\/posts"}],"about":[{"href":"https:\/\/www.europesays.com\/de\/wp-json\/wp\/v2\/types\/post"}],"author":[{"embeddable":true,"href":"https:\/\/www.europesays.com\/de\/wp-json\/wp\/v2\/users\/2"}],"replies":[{"embeddable":true,"href":"https:\/\/www.europesays.com\/de\/wp-json\/wp\/v2\/comments?post=741444"}],"version-history":[{"count":0,"href":"https:\/\/www.europesays.com\/de\/wp-json\/wp\/v2\/posts\/741444\/revisions"}],"wp:featuredmedia":[{"embeddable":true,"href":"https:\/\/www.europesays.com\/de\/wp-json\/wp\/v2\/media\/741445"}],"wp:attachment":[{"href":"https:\/\/www.europesays.com\/de\/wp-json\/wp\/v2\/media?parent=741444"}],"wp:term":[{"taxonomy":"category","embeddable":true,"href":"https:\/\/www.europesays.com\/de\/wp-json\/wp\/v2\/categories?post=741444"},{"taxonomy":"post_tag","embeddable":true,"href":"https:\/\/www.europesays.com\/de\/wp-json\/wp\/v2\/tags?post=741444"}],"curies":[{"name":"wp","href":"https:\/\/api.w.org\/{rel}","templated":true}]}}