{"id":741751,"date":"2026-01-23T22:41:13","date_gmt":"2026-01-23T22:41:13","guid":{"rendered":"https:\/\/www.europesays.com\/de\/741751\/"},"modified":"2026-01-23T22:41:13","modified_gmt":"2026-01-23T22:41:13","slug":"groenlandstreit-europa-trotzt-trump","status":"publish","type":"post","link":"https:\/\/www.europesays.com\/de\/741751\/","title":{"rendered":"Gr\u00f6nlandstreit &#8211; Europa trotzt Trump"},"content":{"rendered":"<p class=\"article-header-description\">Am Ende einer bewegten Woche mit Zolldrohungen, einer disruptiven Davoser Rede und einer pl\u00f6tzlichen Abkehr Donald Trumps diskutiert Europa \u00fcber Konsequenzen. Welche Br\u00fccke haben Mark Rutte und die vereinten Mittelm\u00e4chte gebaut, wieviel Einigkeit folgt?<\/p>\n<p>Hamberger, Katharina; Remme, Klaus; Barenberg, Jasper | 23. Januar 2026, 20:15 Uhr<\/p>\n<ul class=\"b-social-icons\">\n<li class=\"social-icons-item\">\n<p>  Abonnieren<\/p>\n<p>\n              PodcastDer Politikpodcast\n            <\/p>\n<p>                <img decoding=\"async\" loading=\"lazy\" class=\"internal-image\" title=\"Das Logo zeigt den Schriftzug &quot;Der Politikpodcast&quot; in einer Bildcollage mit der Reichstagskuppel in Berlin.\" alt=\"Das Logo zeigt den Schriftzug &quot;Der Politikpodcast&quot; in einer Bildcollage mit der Reichstagskuppel in Berlin.\" src=\"https:\/\/www.europesays.com\/de\/wp-content\/uploads\/2026\/01\/der-politikpodcast-cover-100-512x512.jpg\" \/><\/p>\n<p class=\"podcast-actions-description\">Was bewegt die Bundespolitik? Das Redaktionsgespr\u00e4ch aus dem Deutschlandfunk-Hauptstadtstudio&#8230; Mehr anzeigen<\/p>\n<\/li>\n<li class=\"social-icons-item\">\n<p>                      Link kopieren\/teilen<\/p>\n<p class=\"snackbar-content\">Der Link wurde in die Zwischenablage kopiert.<\/p>\n<\/li>\n<li class=\"social-icons-item\"><a title=\"Email\" href=\"mailto:?subject=Europa%20trotzt%20Trump&amp;body=Gr%C3%B6nlandstreit%0AGr%C3%B6nlandstreitEuropa%20trotzt%20Trump%0AAm%20Ende%20einer%20bewegten%20Woche%20mit%20Zolldrohungen%2C%20einer%20disruptiven%20Davoser%20Rede%20und%20einer%20pl%C3%B6tzlichen%20Abkehr%20Donald%20Trumps%20diskutiert%20Europa%20%C3%BCber%20Konsequenzen.%20Welche%20Br%C3%BCcke%20haben%20Mark%20Rutte%20und%20die%20vereinten%20Mittelm%C3%A4chte%20gebaut%2C%20wieviel%20Einigkeit%20folgt%3F%0Ahttps%3A%2F%2Fwww.deutschlandfunk.de%2Fgroenlandstreit-politikpodcast-europa-trotzt-trump-100.html\" target=\"_blank\" rel=\"noopener noreferrer\" class=\"b-btn-social is-email\" data-tracking=\"{&quot;chapter1&quot;:&quot;Email&quot;,&quot;chapter3&quot;:&quot;Social Media&quot;,&quot;name&quot;:&quot;Social Media&quot;,&quot;chapter2&quot;:&quot;https:\/\/www.deutschlandfunk.de\/groenlandstreit-politikpodcast-europa-trotzt-trump-100.html&quot;,&quot;level2&quot;:&quot;1&quot;}\">\n<p>                      Email<\/a><\/li>\n<\/ul>\n","protected":false},"excerpt":{"rendered":"Am Ende einer bewegten Woche mit Zolldrohungen, einer disruptiven Davoser Rede und einer pl\u00f6tzlichen Abkehr Donald Trumps diskutiert&hellip;\n","protected":false},"author":2,"featured_media":741752,"comment_status":"","ping_status":"","sticky":false,"template":"","format":"standard","meta":{"footnotes":""},"categories":[3933],"tags":[331,332,937,166445,548,663,158,3934,3935,13,76235,14,15,6014,12,113,211],"class_list":{"0":"post-741751","1":"post","2":"type-post","3":"status-publish","4":"format-standard","5":"has-post-thumbnail","7":"category-eu","8":"tag-aktuelle-nachrichten","9":"tag-aktuelle-news","10":"tag-bruessel","11":"tag-davos","12":"tag-eu","13":"tag-europa","14":"tag-europaeische-union","15":"tag-europe","16":"tag-european-union","17":"tag-headlines","18":"tag-mercosur","19":"tag-nachrichten","20":"tag-news","21":"tag-rutte","22":"tag-schlagzeilen","23":"tag-trump","24":"tag-zoelle"},"share_on_mastodon":{"url":"https:\/\/pubeurope.com\/@de\/115946827671703737","error":""},"_links":{"self":[{"href":"https:\/\/www.europesays.com\/de\/wp-json\/wp\/v2\/posts\/741751","targetHints":{"allow":["GET"]}}],"collection":[{"href":"https:\/\/www.europesays.com\/de\/wp-json\/wp\/v2\/posts"}],"about":[{"href":"https:\/\/www.europesays.com\/de\/wp-json\/wp\/v2\/types\/post"}],"author":[{"embeddable":true,"href":"https:\/\/www.europesays.com\/de\/wp-json\/wp\/v2\/users\/2"}],"replies":[{"embeddable":true,"href":"https:\/\/www.europesays.com\/de\/wp-json\/wp\/v2\/comments?post=741751"}],"version-history":[{"count":0,"href":"https:\/\/www.europesays.com\/de\/wp-json\/wp\/v2\/posts\/741751\/revisions"}],"wp:featuredmedia":[{"embeddable":true,"href":"https:\/\/www.europesays.com\/de\/wp-json\/wp\/v2\/media\/741752"}],"wp:attachment":[{"href":"https:\/\/www.europesays.com\/de\/wp-json\/wp\/v2\/media?parent=741751"}],"wp:term":[{"taxonomy":"category","embeddable":true,"href":"https:\/\/www.europesays.com\/de\/wp-json\/wp\/v2\/categories?post=741751"},{"taxonomy":"post_tag","embeddable":true,"href":"https:\/\/www.europesays.com\/de\/wp-json\/wp\/v2\/tags?post=741751"}],"curies":[{"name":"wp","href":"https:\/\/api.w.org\/{rel}","templated":true}]}}