{"id":741951,"date":"2026-01-24T00:39:19","date_gmt":"2026-01-24T00:39:19","guid":{"rendered":"https:\/\/www.europesays.com\/de\/741951\/"},"modified":"2026-01-24T00:39:19","modified_gmt":"2026-01-24T00:39:19","slug":"1-mio-euro-belohnung-fuer-hinweise-auf-strom-terroristen-in-berlin-regional","status":"publish","type":"post","link":"https:\/\/www.europesays.com\/de\/741951\/","title":{"rendered":"1 Mio. Euro Belohnung f\u00fcr Hinweise auf Strom-Terroristen in Berlin | Regional"},"content":{"rendered":"<p>Nach dem verheerenden Blackout in Berlin \u00fcberlegt die Generalbundesanwaltschaft nach BILD-Informationen eine Rekordbelohnung von einer Million Euro f\u00fcr Hinweise auf die T\u00e4ter auszusetzen. Die linksextremistische \u201eVulkangruppe\u201c bekannte sich zu dem Anschlag, der tausende Haushalte f\u00fcnf Tage ohne Strom lie\u00df. <\/p>\n<p>Was steckt hinter der beispiellosen Attacke und k\u00f6nnte die enorme Belohnung helfen, die T\u00e4ter endlich zu fassen? Erfahren Sie alle Details und Hintergr\u00fcnde mit BILDplus.<\/p>\n","protected":false},"excerpt":{"rendered":"Nach dem verheerenden Blackout in Berlin \u00fcberlegt die Generalbundesanwaltschaft nach BILD-Informationen eine Rekordbelohnung von einer Million Euro f\u00fcr&hellip;\n","protected":false},"author":2,"featured_media":741952,"comment_status":"","ping_status":"","sticky":false,"template":"","format":"standard","meta":{"footnotes":""},"categories":[1825],"tags":[13774,296,29,30,12623,5667,23306,45],"class_list":{"0":"post-741951","1":"post","2":"type-post","3":"status-publish","4":"format-standard","5":"has-post-thumbnail","7":"category-berlin","8":"tag-anschlag","9":"tag-berlin","10":"tag-deutschland","11":"tag-germany","12":"tag-linksextremismus","13":"tag-stromausfall","14":"tag-terror-gruppen","15":"tag-texttospeech"},"share_on_mastodon":{"url":"https:\/\/pubeurope.com\/@de\/115947291553299528","error":""},"_links":{"self":[{"href":"https:\/\/www.europesays.com\/de\/wp-json\/wp\/v2\/posts\/741951","targetHints":{"allow":["GET"]}}],"collection":[{"href":"https:\/\/www.europesays.com\/de\/wp-json\/wp\/v2\/posts"}],"about":[{"href":"https:\/\/www.europesays.com\/de\/wp-json\/wp\/v2\/types\/post"}],"author":[{"embeddable":true,"href":"https:\/\/www.europesays.com\/de\/wp-json\/wp\/v2\/users\/2"}],"replies":[{"embeddable":true,"href":"https:\/\/www.europesays.com\/de\/wp-json\/wp\/v2\/comments?post=741951"}],"version-history":[{"count":0,"href":"https:\/\/www.europesays.com\/de\/wp-json\/wp\/v2\/posts\/741951\/revisions"}],"wp:featuredmedia":[{"embeddable":true,"href":"https:\/\/www.europesays.com\/de\/wp-json\/wp\/v2\/media\/741952"}],"wp:attachment":[{"href":"https:\/\/www.europesays.com\/de\/wp-json\/wp\/v2\/media?parent=741951"}],"wp:term":[{"taxonomy":"category","embeddable":true,"href":"https:\/\/www.europesays.com\/de\/wp-json\/wp\/v2\/categories?post=741951"},{"taxonomy":"post_tag","embeddable":true,"href":"https:\/\/www.europesays.com\/de\/wp-json\/wp\/v2\/tags?post=741951"}],"curies":[{"name":"wp","href":"https:\/\/api.w.org\/{rel}","templated":true}]}}