{"id":742357,"date":"2026-01-24T04:28:11","date_gmt":"2026-01-24T04:28:11","guid":{"rendered":"https:\/\/www.europesays.com\/de\/742357\/"},"modified":"2026-01-24T04:28:11","modified_gmt":"2026-01-24T04:28:11","slug":"neue-plaene-fuer-u81-flughafen-bahnhof-vor-rheinquerung","status":"publish","type":"post","link":"https:\/\/www.europesays.com\/de\/742357\/","title":{"rendered":"Neue Pl\u00e4ne f\u00fcr U81 \u2013 Flughafen-Bahnhof vor Rheinquerung"},"content":{"rendered":"<p class=\"text_ohne_einzug richtext text-em-55 !leading-serif mx-6 desktop:mx-0\">Es war eigentlich nur ein beil\u00e4ufiger Satz in der Rede von Oberb\u00fcrgermeister <a href=\"https:\/\/rp-online.de\/thema\/stephan-keller\/\" rel=\"nofollow noopener\" target=\"_blank\">Stephan Keller<\/a> (CDU) beim Neujahrsempfang des Flughafens am Donnerstagabend. Doch er enthielt eine \u00f6ffentlich noch nicht bekannte Neuigkeit f\u00fcr die Pl\u00e4ne der <a href=\"https:\/\/rp-online.de\/thema\/u81\/\" rel=\"nofollow noopener\" target=\"_blank\">U81<\/a>. Keller sprach von einer \u201eneuen Priorit\u00e4t\u201c, die der Abschnitt vom Flughafen zum Fernbahnhof bekommen soll. Im Klartext hei\u00dft das: Demgegen\u00fcber verliert die eigentlich bislang als zweiter Bauabschnitt gef\u00fchrte Querung des Rheins ihren Vorrang im weiteren Verlauf des wichtigsten Infrastrukturprojekts f\u00fcr den \u00d6PNV in der Stadt.<\/p>\n","protected":false},"excerpt":{"rendered":"Es war eigentlich nur ein beil\u00e4ufiger Satz in der Rede von Oberb\u00fcrgermeister Stephan Keller (CDU) beim Neujahrsempfang des&hellip;\n","protected":false},"author":2,"featured_media":742358,"comment_status":"","ping_status":"","sticky":false,"template":"","format":"standard","meta":{"footnotes":"","_share_on_mastodon":"0"},"categories":[1831],"tags":[3364,29,3405,106253,30,1209,169825],"class_list":["post-742357","post","type-post","status-publish","format-standard","has-post-thumbnail","category-duesseldorf","tag-de","tag-deutschland","tag-duesseldorf","tag-euref","tag-germany","tag-nordrhein-westfalen","tag-ueberraschende"],"share_on_mastodon":{"url":"https:\/\/pubeurope.com\/@de\/115948192164492266","error":""},"_links":{"self":[{"href":"https:\/\/www.europesays.com\/de\/wp-json\/wp\/v2\/posts\/742357","targetHints":{"allow":["GET"]}}],"collection":[{"href":"https:\/\/www.europesays.com\/de\/wp-json\/wp\/v2\/posts"}],"about":[{"href":"https:\/\/www.europesays.com\/de\/wp-json\/wp\/v2\/types\/post"}],"author":[{"embeddable":true,"href":"https:\/\/www.europesays.com\/de\/wp-json\/wp\/v2\/users\/2"}],"replies":[{"embeddable":true,"href":"https:\/\/www.europesays.com\/de\/wp-json\/wp\/v2\/comments?post=742357"}],"version-history":[{"count":0,"href":"https:\/\/www.europesays.com\/de\/wp-json\/wp\/v2\/posts\/742357\/revisions"}],"wp:featuredmedia":[{"embeddable":true,"href":"https:\/\/www.europesays.com\/de\/wp-json\/wp\/v2\/media\/742358"}],"wp:attachment":[{"href":"https:\/\/www.europesays.com\/de\/wp-json\/wp\/v2\/media?parent=742357"}],"wp:term":[{"taxonomy":"category","embeddable":true,"href":"https:\/\/www.europesays.com\/de\/wp-json\/wp\/v2\/categories?post=742357"},{"taxonomy":"post_tag","embeddable":true,"href":"https:\/\/www.europesays.com\/de\/wp-json\/wp\/v2\/tags?post=742357"}],"curies":[{"name":"wp","href":"https:\/\/api.w.org\/{rel}","templated":true}]}}