{"id":742480,"date":"2026-01-24T05:36:16","date_gmt":"2026-01-24T05:36:16","guid":{"rendered":"https:\/\/www.europesays.com\/de\/742480\/"},"modified":"2026-01-24T05:36:16","modified_gmt":"2026-01-24T05:36:16","slug":"abseits-von-weissen-tuetues-ein-dunkler-schwanensee-in-hannover","status":"publish","type":"post","link":"https:\/\/www.europesays.com\/de\/742480\/","title":{"rendered":"Abseits von wei\u00dfen T\u00fct\u00fcs: Ein dunkler &#8222;Schwanensee&#8220; in Hannover"},"content":{"rendered":"<p>        <img decoding=\"async\" src=\"https:\/\/www.europesays.com\/de\/wp-content\/uploads\/2026\/01\/schwanensee-108.webp.webp\" alt=\"Ein schwarzer Schwan tanzt in der Mitte, um ihn herum wei\u00dfe Schw\u00e4ne.\" title=\"&#13;&#10; | \u00a9 Jesus Vallinas\" class=\"responsive\"\/><\/p>\n<p>AUDIO: Abseits von wei\u00dfen T\u00fct\u00fcs: Ein dunkler &#8222;Schwanensee&#8220; in Hannover (4 Min)<\/p>\n<p>\n                Stand: 24.01.2026 06:00 Uhr<\/p>\n<p class=\"preface\">Peter Tschaikowskys &#8222;Schwanensee&#8220; verbinden viele Menschen mit wei\u00dfen T\u00fct\u00fcs und Federhaarreifen. An der Staatsoper Hannover kommt heute Abend eine Neuinterpretation des Balletts auf die B\u00fchne. Allerdings widmet sie sich einer besonderen Figur aus dem St\u00fcck: dem B\u00f6sewicht Rotbart.<\/p>\n<p class=\"textauthor\">von <a href=\"https:\/\/www.ndr.de\/kultur\/andrea-schwyzer,schwyzer114.html\" rel=\"nofollow noopener\" target=\"_blank\">Andrea Schwyzer<\/a><\/p>\n<p class=\"\">Selbst wer noch nie ein Ballett gesehen hat, sieht bei der Musik von &#8222;Schwanensee&#8220; grazile Schwanenjungfrauen \u00fcber die B\u00fchne schweben. Peter Tschaikowskys d\u00fcsterstes Ballett ist tausendfach aufgef\u00fchrt worden, neu interpretiert und parodiert. Die Schw\u00e4ne in Hannover muten ein bisschen futuristisch an: Aus den hautengen, silbrigen Ganzk\u00f6rperkost\u00fcmen erwachsen knorpelartige, flossen\u00e4hnliche Gebilde. &#8222;Wir haben \u00fcber viele verschiedenen Versionen beraten. Man erkennt in unserem Fall die Schw\u00e4ne, aber wir werden keine klassischen Schw\u00e4ne haben, zum Beispiel haben sie keine Spitzenschuhe&#8220;, sagt Goyo Montero, der neue Ballettchef der Staatsoper Hannover, der das St\u00fcck inszeniert hat.<\/p>\n<p>    Monteros Inszenierung erz\u00e4hlt die Geschichte des B\u00f6sewichts<\/p>\n<p>                    <a href=\"https:\/\/www.europesays.com\/de\/wp-content\/uploads\/2026\/01\/schwanensee-106.webp.webp\" class=\"zoomimage\" title=\"Bild vergr\u00f6\u00dfern\"><\/p>\n<p>        <img decoding=\"async\" src=\"https:\/\/www.europesays.com\/de\/wp-content\/uploads\/2026\/01\/schwanensee-106.webp.webp\" alt=\"Rotbart steht links im Bild, die Schw\u00e4ne weichen rechts im Bild vor ihm zur\u00fcck.\" title=\"In Tschaikowskys Original verzaubert Rotbart die Prinzessin Odette in einen Schwan. | \u00a9 Jesus Vallinas\" class=\"responsive\" loading=\"lazy\"\/><\/p>\n<p>                    <\/a><\/p>\n<p>                    In Tschaikowskys Original verzaubert Rotbart die Prinzessin Odette in einen Schwan.<\/p>\n<p class=\"\">Der schwarze Schwan ist in \u00fcppig-wallenden Plissee-Stoff geh\u00fcllt. Die Narren tragen aufget\u00fcrmte Sahneh\u00e4ubchen auf dem Kopf. Es sind bizarre Kreaturen, die sich da auf der B\u00fchne versammeln &#8211; und sie alle geh\u00f6ren in das Reich von Rotbart. Diese Nebenfigur stellt Goyo Montero ins Zentrum seiner &#8222;Schwanensee&#8220;-Version. Er habe sich immer die Frage gestellt: &#8222;Wer ist dieser Charakter? Warum ist er dieser B\u00f6sewicht, dieser Zauberer, dieses Monster geworden? Darum habe ich gedacht, wir erz\u00e4hlen, wie er als Kind war und wer ihn &#8222;falsch&#8220; gemacht hat.<\/p>\n<p class=\"\">Goyo Montero ist \u00fcberzeugt davon, dass wir als gute, unschuldige Wesen auf die Welt kommen. Ein traumatisches Ereignis muss also aus Rotbart diesen b\u00f6sen Charakter geformt haben. Auf der Suche nach einer Erkl\u00e4rung, lie\u00df sich der Spanier von B\u00fcchern \u00fcber magische Kreaturen inspirieren, von Manga-Zeichnungen, den Texten von E. T. A. Hoffmann, von Mary Shelleys &#8222;Frankenstein&#8220; und der \u00c4sthetik von Filmen wie &#8222;Blade Runner&#8220;.<\/p>\n<p>    Spagat zwischen Neuinterpretation und Klassiker<\/p>\n<p>                    <a href=\"https:\/\/www.europesays.com\/de\/wp-content\/uploads\/2026\/01\/schwanensee-110.webp.webp\" class=\"zoomimage\" title=\"Bild vergr\u00f6\u00dfern\"><\/p>\n<p>        <img decoding=\"async\" src=\"https:\/\/www.europesays.com\/de\/wp-content\/uploads\/2026\/01\/schwanensee-110.webp.webp\" alt=\"Ein Ballett\u00e4nzer liegt links auf dem Boden, rechts daneben tanzen zwei weitere.\" title=\"Goyo Monteros Inszenierungen versuchen immer wieder, Klassiker des Ballets oder des Theaters durch den Tanz neu zu interpretieren. | \u00a9 Jesus Vallinas\" class=\"responsive\" loading=\"lazy\"\/><\/p>\n<p>                    <\/a><\/p>\n<p>                    Goyo Monteros Inszenierungen versuchen immer wieder, Klassiker des Ballets oder des Theaters durch den Tanz neu zu interpretieren.<\/p>\n<p class=\"\">Obwohl Goyo Montero das urspr\u00fcngliche Ballett auseinanderzuzupfen scheint, bleibt er behutsam und ehrf\u00fcrchtig. Denn ihn verbindet eine lange Geschichte mit den ikonischen Bewegungen und der unverwechselbaren Musik: Er hat selbst verschiedenste Versionen von &#8222;Schwanensee&#8220; getanzt und wei\u00df, was die Menschen mit diesem St\u00fcck verbinden. &#8222;Die Musik ist die L\u00f6sung und das Problem. Bei der Musik entstehen in unserem Kopf diese ikonischen Szenen. Die Zuschauer werden manche Szenen vermissen&#8220;, bef\u00fcrchtet er. Tschaikowsky bleibt er dennoch treu: &#8222;Ich versuche mit meinem klassischen Background eine Verbindung zu setzen. Wir h\u00f6ren also trotzdem Schwanensee, aber ich hoffe mit neuen Augen.&#8220;<\/p>\n<p class=\"\">Ein vielschichtiges Gesamtkunstwerk soll sein &#8222;Rotbart&#8220; werden, so die Hoffnung des Ballettchefs. Dazu geh\u00f6ren ein bewegliches B\u00fchnenbild, die fantasievollen Kost\u00fcme und die Bewegungen, die Bez\u00fcge zur 130 Jahre alten Choreografie von Lew Iwanow und Marius Petipa aufweisen, Video-Projektionen, die teils unter Wasser gefilmt worden sind und Tschaikowskys Musik, live gespielt vom Nieders\u00e4chsischen Staatsorchester Hannover. Klingt vielversprechend.<\/p>\n<p>        <img decoding=\"async\" src=\"https:\/\/www.europesays.com\/de\/wp-content\/uploads\/2026\/01\/goyomontero-110.webp.webp\" alt=\"Hannovers Ballettchef Goyo Montero steht neben Moderatorin Andrea Schwyzer.\" title=\"Goyo Montero interpretiert Tschaikowskis Schwanensee und erz\u00e4hlt den Ballettklassiker aus der Sicht Rotbarts. | Claudia Christophersen \/ NDR\" class=\"responsive\" loading=\"lazy\"\/><\/p>\n<p>Goyo Montero interpretiert Tschaikowskys Ballettklassiker neu und erz\u00e4hlt ihn aus der Sicht Rotbarts.<\/p>\n<p>                <a href=\"https:\/\/www.europesays.com\/de\/wp-content\/uploads\/2026\/01\/schwanensee-108.webp.webp\" class=\"zoomimage\" title=\"Bild vergr\u00f6\u00dfern\"><\/p>\n<p>        <img decoding=\"async\" src=\"https:\/\/www.europesays.com\/de\/wp-content\/uploads\/2026\/01\/schwanensee-108.webp.webp\" alt=\"Ein schwarzer Schwan tanzt in der Mitte, um ihn herum wei\u00dfe Schw\u00e4ne.\" title=\"&#13;&#10; | \u00a9 Jesus Vallinas\" class=\"responsive\" loading=\"lazy\"\/><\/p>\n<p>                <\/a><\/p>\n<p>            Abseits von wei\u00dfen T\u00fct\u00fcs: Ein dunkler &#8222;Schwanensee&#8220; in Hannover<\/p>\n<p>Die Neuinterpretation des Tschaikowsky-Balletts in Hannover widmet sich einer besonderen Figur aus dem St\u00fcck: dem B\u00f6sewicht Rotbart.<\/p>\n<dl class=\"s-100 m-50\">\n<dt>Datum:<\/dt>\n<dd>24.01.2026, 19:30 Uhr<\/dd>\n<dt>Ende:<\/dt>\n<dd>28.03.2026<\/dd>\n<dt>Ort:<\/dt>\n<dd>\n<p>                            Nieders\u00e4chsisches Staatstheater<\/p>\n<p>Opernplatz 1<\/p>\n<p>30159<\/p>\n<p>Hannover<\/p>\n<\/dd>\n<\/dl>\n<dl class=\"s-100 m-50\">\n<dt>Preis:<\/dt>\n<dd>ab 54 Euro<\/dd>\n<\/dl>\n<p>            <a class=\"button\" title=\"Laden Sie diese Veranstaltung in die Terminkalender Anwendung ihres Computers\" href=\"https:\/\/www.ndr.de\/calendar\/schwanensee-112\" rel=\"nofollow noopener\" target=\"_blank\"> In meinen<br \/>\n                Kalender eintragen<\/a><\/p>\n<p>        Schlagw\u00f6rter zu diesem Artikel<\/p>\n<p>            <a href=\"https:\/\/www.ndr.de\/kultur\/theater,theater959.html\" rel=\"nofollow noopener\" target=\"_blank\">Theater<\/a><\/p>\n","protected":false},"excerpt":{"rendered":"AUDIO: Abseits von wei\u00dfen T\u00fct\u00fcs: Ein dunkler &#8222;Schwanensee&#8220; in Hannover (4 Min) Stand: 24.01.2026 06:00 Uhr Peter Tschaikowskys&hellip;\n","protected":false},"author":2,"featured_media":742481,"comment_status":"","ping_status":"","sticky":false,"template":"","format":"standard","meta":{"footnotes":"","_share_on_mastodon":"0"},"categories":[1836],"tags":[16104,3364,29,30,46,1411,71941,94],"class_list":["post-742480","post","type-post","status-publish","format-standard","has-post-thumbnail","category-hannover","tag-ballett","tag-de","tag-deutschland","tag-germany","tag-hannover","tag-niedersachsen","tag-schwanensee","tag-theater"],"share_on_mastodon":{"url":"https:\/\/pubeurope.com\/@de\/115948459700566250","error":""},"_links":{"self":[{"href":"https:\/\/www.europesays.com\/de\/wp-json\/wp\/v2\/posts\/742480","targetHints":{"allow":["GET"]}}],"collection":[{"href":"https:\/\/www.europesays.com\/de\/wp-json\/wp\/v2\/posts"}],"about":[{"href":"https:\/\/www.europesays.com\/de\/wp-json\/wp\/v2\/types\/post"}],"author":[{"embeddable":true,"href":"https:\/\/www.europesays.com\/de\/wp-json\/wp\/v2\/users\/2"}],"replies":[{"embeddable":true,"href":"https:\/\/www.europesays.com\/de\/wp-json\/wp\/v2\/comments?post=742480"}],"version-history":[{"count":0,"href":"https:\/\/www.europesays.com\/de\/wp-json\/wp\/v2\/posts\/742480\/revisions"}],"wp:featuredmedia":[{"embeddable":true,"href":"https:\/\/www.europesays.com\/de\/wp-json\/wp\/v2\/media\/742481"}],"wp:attachment":[{"href":"https:\/\/www.europesays.com\/de\/wp-json\/wp\/v2\/media?parent=742480"}],"wp:term":[{"taxonomy":"category","embeddable":true,"href":"https:\/\/www.europesays.com\/de\/wp-json\/wp\/v2\/categories?post=742480"},{"taxonomy":"post_tag","embeddable":true,"href":"https:\/\/www.europesays.com\/de\/wp-json\/wp\/v2\/tags?post=742480"}],"curies":[{"name":"wp","href":"https:\/\/api.w.org\/{rel}","templated":true}]}}