{"id":742651,"date":"2026-01-24T07:10:11","date_gmt":"2026-01-24T07:10:11","guid":{"rendered":"https:\/\/www.europesays.com\/de\/742651\/"},"modified":"2026-01-24T07:10:11","modified_gmt":"2026-01-24T07:10:11","slug":"wahl-stuttgarter-in-des-jahres-viktoria-stalter-die-helfende-hand-startseite","status":"publish","type":"post","link":"https:\/\/www.europesays.com\/de\/742651\/","title":{"rendered":"Wahl Stuttgarter\/in des Jahres: Viktoria Stalter \u2013 die helfende Hand &#8211; Startseite"},"content":{"rendered":"<p>\t\t\t\t\t\t\t\t\t\t\t\t\t\t\t\t\t\t\t\t\t\t\t\t\t\t\t\t\t\t\t\t\t\t\t\t   \t\t\t\t\t \t\t\t\t   \t      \t\t\t\t   <img decoding=\"async\" id=\"article-image\" fetchpriority=\"high\" alt=\"Wahl Stuttgarter\/in des Jahres: Viktoria Stalter \u2013 die helfende Hand\" title=\"Wahl Stuttgarter\/in des Jahres: Viktoria Stalter \u2013 die helfende Hand\" src=\"https:\/\/www.europesays.com\/de\/wp-content\/uploads\/2026\/01\/media.media.c7efe220-1d54-40a9-a1b2-6238d7b6e50e.original700.jpg\" data-linkto=\"https:\/\/www.krzbb.de\/javascript:void(0);\"\/>\t\t\t\t\t\t\t\t\t\t\t\t\t\t\t\t\t\t\t\t\t\t\t\tNominiert f\u00fcr den Ehrenamtspreis: Viktoria Stalter.\u00a0Foto: Ingo Dalcolmo\t\t\t<\/p>\n<p>Bis 2. Februar k\u00f6nnen Leser online \u00fcber die Stuttgarter des Jahres 2025 abstimmen. Viktoria Stalter ist in der \u201eWasen-Boje\u201c Rettungsanker f\u00fcr Frauen, die Hilfe ben\u00f6tigen.<\/p>\n<p> <b>Viktoria Stalter <\/b>ist in der \u201e<b>Wasenboje<\/b>\u201c zugegen, wenn auf dem Wasen gefeiert wird. Frauen machen dort oft negative Erfahrungen. Hilfe und Rat finden sie im Safer Space, dem Schutzraum. Allein w\u00e4hrend des <b>Fr\u00fchlingsfestes 2025<\/b> suchte diesen rund 200 Frauen auf. Sei es, weil sie sexuell bel\u00e4stigt oder bedroht wurden, sei es, weil der Verdacht bestand, dass ihnen K.-o.-Tropfen ins Getr\u00e4nk gesch\u00fcttet wurden oder weil sie stark alkoholisiert waren.<\/p>\n<p> <a href=\"https:\/\/easy-feedback.de\/sdj26\/2083215\/ChO8X8E\" target=\"_blank\" rel=\"noopener\">Hier k\u00f6nnen Sie f\u00fcr Viktoria Stalter abstimmen<\/a> <\/p>\n<p>Viktoria Stalter vermittelt die Frauen, wenn n\u00f6tig, an das <b>DRK <\/b>oder an die Polizei oder sorgt daf\u00fcr, dass sie sicher nach Hause kommen. Sechs Paten und Patinnen schlagen sie vor. Stellvertretend f\u00fcr die Sechs w\u00fcnscht sich Antonia Pollmer, dass das Engagement von Viktoria Stalter Wertsch\u00e4tzung erf\u00e4hrt. <\/p>\n","protected":false},"excerpt":{"rendered":"Nominiert f\u00fcr den Ehrenamtspreis: Viktoria Stalter.\u00a0Foto: Ingo Dalcolmo Bis 2. Februar k\u00f6nnen Leser online \u00fcber die Stuttgarter des&hellip;\n","protected":false},"author":2,"featured_media":742652,"comment_status":"","ping_status":"","sticky":false,"template":"","format":"standard","meta":{"footnotes":""},"categories":[1830],"tags":[12408,1634,3364,29,63591,30,1441,48384,36330,30686,5329,169857,18169],"class_list":{"0":"post-742651","1":"post","2":"type-post","3":"status-publish","4":"format-standard","5":"has-post-thumbnail","7":"category-stuttgart","8":"tag-abstimmung","9":"tag-baden-wuerttemberg","10":"tag-de","11":"tag-deutschland","12":"tag-ehrenamtspreis","13":"tag-germany","14":"tag-stuttgart","15":"tag-stuttgarter-des-jahres","16":"tag-stuttgarter-nachrichten","17":"tag-stuttgarter-zeitung","18":"tag-video","19":"tag-viktoria-stalter","20":"tag-volksbank-stuttgart"},"share_on_mastodon":{"url":"https:\/\/pubeurope.com\/@de\/115948829168338056","error":""},"_links":{"self":[{"href":"https:\/\/www.europesays.com\/de\/wp-json\/wp\/v2\/posts\/742651","targetHints":{"allow":["GET"]}}],"collection":[{"href":"https:\/\/www.europesays.com\/de\/wp-json\/wp\/v2\/posts"}],"about":[{"href":"https:\/\/www.europesays.com\/de\/wp-json\/wp\/v2\/types\/post"}],"author":[{"embeddable":true,"href":"https:\/\/www.europesays.com\/de\/wp-json\/wp\/v2\/users\/2"}],"replies":[{"embeddable":true,"href":"https:\/\/www.europesays.com\/de\/wp-json\/wp\/v2\/comments?post=742651"}],"version-history":[{"count":0,"href":"https:\/\/www.europesays.com\/de\/wp-json\/wp\/v2\/posts\/742651\/revisions"}],"wp:featuredmedia":[{"embeddable":true,"href":"https:\/\/www.europesays.com\/de\/wp-json\/wp\/v2\/media\/742652"}],"wp:attachment":[{"href":"https:\/\/www.europesays.com\/de\/wp-json\/wp\/v2\/media?parent=742651"}],"wp:term":[{"taxonomy":"category","embeddable":true,"href":"https:\/\/www.europesays.com\/de\/wp-json\/wp\/v2\/categories?post=742651"},{"taxonomy":"post_tag","embeddable":true,"href":"https:\/\/www.europesays.com\/de\/wp-json\/wp\/v2\/tags?post=742651"}],"curies":[{"name":"wp","href":"https:\/\/api.w.org\/{rel}","templated":true}]}}