{"id":742671,"date":"2026-01-24T07:21:13","date_gmt":"2026-01-24T07:21:13","guid":{"rendered":"https:\/\/www.europesays.com\/de\/742671\/"},"modified":"2026-01-24T07:21:13","modified_gmt":"2026-01-24T07:21:13","slug":"unfall-berliner-u-bahnhof-17-jaehriger-stirbt-an-stromschlag","status":"publish","type":"post","link":"https:\/\/www.europesays.com\/de\/742671\/","title":{"rendered":"Unfall: Berliner U-Bahnhof: 17-J\u00e4hriger stirbt an Stromschlag"},"content":{"rendered":"<p>        24. Januar 2026, 7:41 Uhr<br \/>\n    Quelle: dpa Berlin\/Brandenburg\n<\/p>\n<p>        Hinweis<\/p>\n<p class=\"article-notice__text\">DIE ZEIT hat diese Meldung redaktionell nicht bearbeitet. Sie wurde automatisch von der Deutschen Presse-Agentur (dpa) \u00fcbernommen.<\/p>\n<p>            <img decoding=\"async\" class=\"article__media-item\" src=\"https:\/\/www.europesays.com\/de\/wp-content\/uploads\/2026\/01\/1769239273_153_wide__660x371.jpeg\" alt=\"Unfall: Der Jugendliche stirbt noch vor Ort. (Symbolbild)\"\/><\/p>\n<p>                    Der Jugendliche stirbt noch vor Ort. (Symbolbild)<br \/>\n            \u00a9\u00a0Monika Skolimowska\/\u200bdpa<\/p>\n<p class=\"paragraph article__item\">Ein Jugendlicher hat in einem Berliner U-Bahnhof einen t\u00f6dlichen Stromschlag erlitten, als er seine heruntergefallene E-Zigarette aus dem Gleisbett holen wollte. Nach Polizeiangaben hatte der 17-J\u00e4hrige zu einer feiernden Gruppe im Bahnhof Deutsche Oper geh\u00f6rt und versucht, sich seine unter einen stehenden Zug gefallene Vape wiederzuholen. Dabei kam er an die Schiene und erlitt den fatalen Stromsto\u00df. Der Jugendliche starb noch vor Ort.\n<\/p>\n<p>Aktuelles<\/p>\n<p>                <a href=\"https:\/\/www.zeit.de\/gesellschaft\/2025-12\/graffiti-vandalismus-bahn-berlin-gxe\" data-ct-label=\"Bahn: Mehr Sachbesch\u00e4digungen an Z\u00fcgen und Bahnh\u00f6fen bundesweit\" rel=\"nofollow noopener\" target=\"_blank\"><\/p>\n<p>                        Bahn:<br \/>\n                        Mehr Sachbesch\u00e4digungen an Z\u00fcgen und Bahnh\u00f6fen bundesweit<\/p>\n<p>                <\/a><\/p>\n<p>                <a href=\"https:\/\/www.zeit.de\/hamburg\/2026-01\/elbvertiefung-05-01-2026\" data-ct-label=\"Elbvertiefung: Der t\u00e4gliche Newsletter aus Hamburg: Das f\u00e4ngt ja gut an\" rel=\"nofollow noopener\" target=\"_blank\"><\/p>\n<p>                        Elbvertiefung: Der t\u00e4gliche Newsletter aus Hamburg:<br \/>\n                        Das f\u00e4ngt ja gut an<\/p>\n<p>                <\/a><\/p>\n<p>                <a href=\"https:\/\/www.zeit.de\/2026\/01\/julia-kerr-der-chronoplan-oper-staatstheater-mainz\" data-ct-label=\"Julia Kerr: Als Hitler Einsteins Zeitmaschine stahl\" rel=\"nofollow noopener\" target=\"_blank\"><\/p>\n<p>                        Julia Kerr:<br \/>\n                        Als Hitler Einsteins Zeitmaschine stahl<\/p>\n<p>                <\/a><\/p>\n<p class=\"paragraph article__item\">Einem Polizeisprecher zufolge werden in U-Bahnh\u00f6fen wie der Deutschen Oper neben Bahnen mitunter auch Z\u00fcge vor\u00fcbergehend abgestellt. Demnach h\u00e4tten die Schienen aber auch ohne den auf dem Gleis stehenden Zug unter Strom gestanden. Ein Stromschlag durch Ber\u00fchren der Schiene sei in solchen F\u00e4llen immer m\u00f6glich.\n<\/p>\n<p class=\"paragraph article__item\">\u00a9 dpa-infocom, dpa:260124-930-589954\/1<\/p>\n","protected":false},"excerpt":{"rendered":"24. Januar 2026, 7:41 Uhr Quelle: dpa Berlin\/Brandenburg Hinweis DIE ZEIT hat diese Meldung redaktionell nicht bearbeitet. Sie&hellip;\n","protected":false},"author":2,"featured_media":742672,"comment_status":"","ping_status":"","sticky":false,"template":"","format":"standard","meta":{"footnotes":"","_share_on_mastodon":"0"},"categories":[1825],"tags":[1941,1939,296,1937,29,30,1940,15,1938,97,54478,1284],"class_list":["post-742671","post","type-post","status-publish","format-standard","has-post-thumbnail","category-berlin","tag-aktuelle-nachrichten-aus-berlin","tag-aktuelle-news-aus-berlin","tag-berlin","tag-berlin-news","tag-deutschland","tag-germany","tag-nachrichten-aus-berlin","tag-news","tag-news-aus-berlin","tag-oper","tag-stromschlag","tag-unfall"],"share_on_mastodon":{"url":"https:\/\/pubeurope.com\/@de\/115948872351097096","error":""},"_links":{"self":[{"href":"https:\/\/www.europesays.com\/de\/wp-json\/wp\/v2\/posts\/742671","targetHints":{"allow":["GET"]}}],"collection":[{"href":"https:\/\/www.europesays.com\/de\/wp-json\/wp\/v2\/posts"}],"about":[{"href":"https:\/\/www.europesays.com\/de\/wp-json\/wp\/v2\/types\/post"}],"author":[{"embeddable":true,"href":"https:\/\/www.europesays.com\/de\/wp-json\/wp\/v2\/users\/2"}],"replies":[{"embeddable":true,"href":"https:\/\/www.europesays.com\/de\/wp-json\/wp\/v2\/comments?post=742671"}],"version-history":[{"count":0,"href":"https:\/\/www.europesays.com\/de\/wp-json\/wp\/v2\/posts\/742671\/revisions"}],"wp:featuredmedia":[{"embeddable":true,"href":"https:\/\/www.europesays.com\/de\/wp-json\/wp\/v2\/media\/742672"}],"wp:attachment":[{"href":"https:\/\/www.europesays.com\/de\/wp-json\/wp\/v2\/media?parent=742671"}],"wp:term":[{"taxonomy":"category","embeddable":true,"href":"https:\/\/www.europesays.com\/de\/wp-json\/wp\/v2\/categories?post=742671"},{"taxonomy":"post_tag","embeddable":true,"href":"https:\/\/www.europesays.com\/de\/wp-json\/wp\/v2\/tags?post=742671"}],"curies":[{"name":"wp","href":"https:\/\/api.w.org\/{rel}","templated":true}]}}