{"id":742717,"date":"2026-01-24T07:49:10","date_gmt":"2026-01-24T07:49:10","guid":{"rendered":"https:\/\/www.europesays.com\/de\/742717\/"},"modified":"2026-01-24T07:49:10","modified_gmt":"2026-01-24T07:49:10","slug":"pedelecfahrer-bei-unfall-schwer-verletzt-baden-wuerttemberg","status":"publish","type":"post","link":"https:\/\/www.europesays.com\/de\/742717\/","title":{"rendered":"Pedelecfahrer bei Unfall schwer verletzt &#8211; Baden-W\u00fcrttemberg"},"content":{"rendered":"<p class=\"rhp-dpa-teaser\"><b>In Mannheim kommt es zu einem Unfall von einem Pedelecfahrer und einem Auto.<\/b><\/p>\n<p><a class=\"rtr-entity\" data-rtr-entity=\"Mannheim\" data-rtr-id=\"8e39f98d121d00ffdaf4f78a2ae2e7dea2653ba7\" data-rtr-score=\"38.016768292682926\" data-rtr-etype=\"location\" data-rtr-index=\"0\" href=\"https:\/\/www.rheinpfalz.de\/lokal\/mannheim.html?utm_source=rheinpfalz.de&amp;utm_medium=tms&amp;utm_campaign=intext\" target=\"_blank\" rel=\"noopener\">Mannheim<\/a> (dpa\/lsw) &#8211; Ein Pedelecfahrer ist in Mannheim von einem Auto angefahren und schwer am Kopf verletzt worden. Der 39-J\u00e4hrige habe dem Auto am Freitag an einer Kreuzung nach ersten Erkenntnissen die Vorfahrt genommen, teilte die Polizei mit. <\/p>\n<p>Der 39-J\u00e4hrige st\u00fcrzte und schlug laut Polizei ungl\u00fccklich mit dem Kopf auf. Er wurde in eine Klinik gebracht. Die 61 Jahre alte Autofahrerin stand unter Schock. Der Schaden an Auto und Pedelec wurde auf rund 1.600 Euro gesch\u00e4tzt.<\/p>\n","protected":false},"excerpt":{"rendered":"In Mannheim kommt es zu einem Unfall von einem Pedelecfahrer und einem Auto. Mannheim (dpa\/lsw) &#8211; Ein Pedelecfahrer&hellip;\n","protected":false},"author":2,"featured_media":742718,"comment_status":"","ping_status":"","sticky":false,"template":"","format":"standard","meta":{"footnotes":""},"categories":[1845],"tags":[513,1634,3364,29,28196,548,663,3934,30,13,2096,4823,14,15,27464,121,12,1284,2624,601,7490],"class_list":{"0":"post-742717","1":"post","2":"type-post","3":"status-publish","4":"format-standard","5":"has-post-thumbnail","7":"category-mannheim","8":"tag-auto","9":"tag-baden-wuerttemberg","10":"tag-de","11":"tag-deutschland","12":"tag-dpaticker","13":"tag-eu","14":"tag-europa","15":"tag-europe","16":"tag-germany","17":"tag-headlines","18":"tag-mannheim","19":"tag-meldung","20":"tag-nachrichten","21":"tag-news","22":"tag-pedelec","23":"tag-polizei","24":"tag-schlagzeilen","25":"tag-unfall","26":"tag-unfaelle","27":"tag-verkehr","28":"tag-vermischtes"},"share_on_mastodon":{"url":"https:\/\/pubeurope.com\/@de\/115948982829798937","error":""},"_links":{"self":[{"href":"https:\/\/www.europesays.com\/de\/wp-json\/wp\/v2\/posts\/742717","targetHints":{"allow":["GET"]}}],"collection":[{"href":"https:\/\/www.europesays.com\/de\/wp-json\/wp\/v2\/posts"}],"about":[{"href":"https:\/\/www.europesays.com\/de\/wp-json\/wp\/v2\/types\/post"}],"author":[{"embeddable":true,"href":"https:\/\/www.europesays.com\/de\/wp-json\/wp\/v2\/users\/2"}],"replies":[{"embeddable":true,"href":"https:\/\/www.europesays.com\/de\/wp-json\/wp\/v2\/comments?post=742717"}],"version-history":[{"count":0,"href":"https:\/\/www.europesays.com\/de\/wp-json\/wp\/v2\/posts\/742717\/revisions"}],"wp:featuredmedia":[{"embeddable":true,"href":"https:\/\/www.europesays.com\/de\/wp-json\/wp\/v2\/media\/742718"}],"wp:attachment":[{"href":"https:\/\/www.europesays.com\/de\/wp-json\/wp\/v2\/media?parent=742717"}],"wp:term":[{"taxonomy":"category","embeddable":true,"href":"https:\/\/www.europesays.com\/de\/wp-json\/wp\/v2\/categories?post=742717"},{"taxonomy":"post_tag","embeddable":true,"href":"https:\/\/www.europesays.com\/de\/wp-json\/wp\/v2\/tags?post=742717"}],"curies":[{"name":"wp","href":"https:\/\/api.w.org\/{rel}","templated":true}]}}