{"id":742749,"date":"2026-01-24T08:09:10","date_gmt":"2026-01-24T08:09:10","guid":{"rendered":"https:\/\/www.europesays.com\/de\/742749\/"},"modified":"2026-01-24T08:09:10","modified_gmt":"2026-01-24T08:09:10","slug":"verteidigung-nato-will-an-grenze-zu-russland-automatisierte-zone-schaffen","status":"publish","type":"post","link":"https:\/\/www.europesays.com\/de\/742749\/","title":{"rendered":"Verteidigung: Nato will an Grenze zu Russland &#8222;automatisierte Zone&#8220; schaffen"},"content":{"rendered":"<p class=\"paragraph article__item\">Die <a href=\"https:\/\/www.zeit.de\/politik\/ausland\/2026-01\/nato-afghanistan-usa-beistand-donald-trump-gxe\" class=\"\" target=\"_blank\" rel=\"nofollow noopener\">Nato<\/a>\u00a0will in den kommenden zwei Jahren an der Grenze zu <a class=\"rtr-entity\" href=\"https:\/\/www.zeit.de\/thema\/russland\" rel=\"nofollow noopener\" target=\"_blank\">Russland<\/a> erheblich aufr\u00fcsten, deutlich mehr Waffen einlagern und eine menschenleere &#8222;automatisierte Zone&#8220; schaffen. &#8222;Wir werden sp\u00fcrbar gr\u00f6\u00dfere Vorr\u00e4te als bisher in den Nato-Grenzstaaten zu Russland sehen&#8220;, sagte <a href=\"https:\/\/www.zeit.de\/politik\/ausland\/2026-01\/deutschland-italien-friedrich-merz-giorgia-meloni-verteidigung-wirtschaft\" class=\"\" target=\"_blank\" rel=\"nofollow noopener\">Bundeswehr<\/a>-Brigadegeneral Thomas Lowin der Welt am Sonntag. Dazu geh\u00f6rten beispielsweise &#8222;Waffen- und Munitionsdepots zur Wiederbewaffnung der Verteidigungssysteme in der automatisierten Zone, aber auch zur Ausr\u00fcstung der Nato-Streitkr\u00e4fte&#8220;, sagte der Vizechef des Stabes f\u00fcr Operationsf\u00fchrung im Nato-Landkommando.\n<\/p>\n<p class=\"paragraph article__item\">Die <a class=\"rtr-entity\" href=\"https:\/\/www.zeit.de\/thema\/nato\" rel=\"nofollow noopener\" target=\"_blank\">Nato<\/a> will laut Lowin zudem &#8222;ein komplexes, mehrschichtiges Verteidigungssystem entlang der <a href=\"https:\/\/www.zeit.de\/politik\/ausland\/2026-01\/europaeische-aussenpolitik-davos-buendnis-liberale-demokratien-gxe\" class=\"\" target=\"_blank\" rel=\"nofollow noopener\">Grenze zu Russland<\/a> und Wei\u00dfrussland aufbauen und zur Verteidigung nicht nur konventionelle Truppen einsetzen, sondern durch Hindernisse und den Einsatz von Technik eine roboterisierte oder automatisierte Zone im grenznahen Bereich zum Gegner schaffen, die dieser dann erst einmal \u00fcberwinden muss&#8220;.\n<\/p>\n<p>        Umsetzung bis Ende 2027 geplant        <\/p>\n<p class=\"paragraph article__item\">Ein System aus Aufkl\u00e4rungssensoren und weitgehend automatisierten und roboterisierten Waffen solle dabei helfen, russische Streitkr\u00e4fte in der ersten Phase des Angriffs aufzuhalten, zugleich sollten so die eigenen Soldaten geschont werden. Laut dem General ist die neue automatisierte Zone an der Grenze zu Russland und Belarus weitgehend menschenleer.\n<\/p>\n<p class=\"paragraph article__item\">Mit Lowin spricht erstmals ein Nato-General \u00f6ffentlich \u00fcber das neue Verteidigungskonzept Eastern Flank Deterrence Line (EDFL), zu Deutsch Ostflanken-Abschreckungslinie. Das Konzept soll nach Informationen der Zeitung m\u00f6glichst bereits bis Ende 2027 umgesetzt werden.<\/p>\n","protected":false},"excerpt":{"rendered":"Die Nato\u00a0will in den kommenden zwei Jahren an der Grenze zu Russland erheblich aufr\u00fcsten, deutlich mehr Waffen einlagern&hellip;\n","protected":false},"author":2,"featured_media":742750,"comment_status":"","ping_status":"","sticky":false,"template":"","format":"standard","meta":{"footnotes":"","_share_on_mastodon":"0"},"categories":[5],"tags":[331,332,685,3364,29,30,3040,13,14,1159,15,16,307,12,169870,4961,8016],"class_list":["post-742749","post","type-post","status-publish","format-standard","has-post-thumbnail","category-nachrichten","tag-aktuelle-nachrichten","tag-aktuelle-news","tag-bundeswehr","tag-de","tag-deutschland","tag-germany","tag-grenze","tag-headlines","tag-nachrichten","tag-nato","tag-news","tag-politik","tag-russland","tag-schlagzeilen","tag-thomas-lowin","tag-verteidigung","tag-wams"],"share_on_mastodon":{"url":"","error":""},"_links":{"self":[{"href":"https:\/\/www.europesays.com\/de\/wp-json\/wp\/v2\/posts\/742749","targetHints":{"allow":["GET"]}}],"collection":[{"href":"https:\/\/www.europesays.com\/de\/wp-json\/wp\/v2\/posts"}],"about":[{"href":"https:\/\/www.europesays.com\/de\/wp-json\/wp\/v2\/types\/post"}],"author":[{"embeddable":true,"href":"https:\/\/www.europesays.com\/de\/wp-json\/wp\/v2\/users\/2"}],"replies":[{"embeddable":true,"href":"https:\/\/www.europesays.com\/de\/wp-json\/wp\/v2\/comments?post=742749"}],"version-history":[{"count":0,"href":"https:\/\/www.europesays.com\/de\/wp-json\/wp\/v2\/posts\/742749\/revisions"}],"wp:featuredmedia":[{"embeddable":true,"href":"https:\/\/www.europesays.com\/de\/wp-json\/wp\/v2\/media\/742750"}],"wp:attachment":[{"href":"https:\/\/www.europesays.com\/de\/wp-json\/wp\/v2\/media?parent=742749"}],"wp:term":[{"taxonomy":"category","embeddable":true,"href":"https:\/\/www.europesays.com\/de\/wp-json\/wp\/v2\/categories?post=742749"},{"taxonomy":"post_tag","embeddable":true,"href":"https:\/\/www.europesays.com\/de\/wp-json\/wp\/v2\/tags?post=742749"}],"curies":[{"name":"wp","href":"https:\/\/api.w.org\/{rel}","templated":true}]}}