{"id":743100,"date":"2026-01-24T11:17:12","date_gmt":"2026-01-24T11:17:12","guid":{"rendered":"https:\/\/www.europesays.com\/de\/743100\/"},"modified":"2026-01-24T11:17:12","modified_gmt":"2026-01-24T11:17:12","slug":"fahrplanaenderungen-und-ersatzverkehr-am-wochenende-24-bis-25-januar","status":"publish","type":"post","link":"https:\/\/www.europesays.com\/de\/743100\/","title":{"rendered":"Fahrplan\u00e4nderungen und Ersatzverkehr am Wochenende 24. bis 25. Januar"},"content":{"rendered":"<p class=\"mb-6 text-xs md:text-m lg:text-l font-serif group-[.font-sans]:font-sans \">\n    <a href=\"https:\/\/www.augsburger-allgemeine.de\/bayern\/stammstrecke-muenchen-deutsche-bahn-aendert-ab-14-dezember-s-bahn-fahrten-28-12-112953685\" target=\"_self\" class=\"underline \" rel=\"noopener\">Wie die Deutsche Bahn bereits vor Beginn des Jahres 2026 mitgeteilt hat, stehen neben dem Bau der zweiten Stammstrecke in M\u00fcnchen auch einige Projekte zur Erneuerung der Technik aus.<\/a> An diesem Wochenende wird weiter am neuen elektronischen Stellwerk am Ostbahnhof gebaut. Das f\u00fchrt zu erheblichen Beeintr\u00e4chtigungen des Zugverkehrs auf der M\u00fcnchner Stammstrecke.\n  <\/p>\n<p>            Bauarbeiten am Wochenende: Alle S-Bahn-Linien von Einschr\u00e4nkungen betroffen<\/p>\n<p class=\"mb-6 text-xs md:text-m lg:text-l font-serif group-[.font-sans]:font-sans \">\n    Wie die Deutsche Bahn (DB) auf ihrer Website mitteilte, finden am Samstag, 24. Januar, und Sonntag, 25. Januar, Bauarbeiten zum neuen elektronischen Stellwerk am M\u00fcnchner Ostbahnhof statt. Deshalb, so die Bahn, fahren an beiden Tagen zwischen 4 Uhr morgens und 16 Uhr nachmittags nur wenige S-Bahnen auf der Stammstrecke. Betroffen sind alle S-Bahn-Linien der bayerischen Landeshauptstadt.\n  <\/p>\n<p class=\"mb-6 text-xs md:text-m lg:text-l font-serif group-[.font-sans]:font-sans \">\n    Dabei f\u00e4hrt lediglich eine Linie zwischen dem Ostbahnhof und Pasing: die durchgebundene S6\/S8. Zudem hat die DB zwischen dem Ostbahnhof und Trudering einen Ersatzverkehr mit Bussen eingerichtet.\n  <\/p>\n<p>      <a href=\"https:\/\/www.augsburger-allgemeine.de\/augsburg\/pendeln-augsburg-muenchen-rekordhoch-zahl-der-pendler-nach-muenchen-steigt-113235322\" class=\"hidden  &#010;                md:block md:mr-5 md:min-w-[140px]  aspect-photo md:aspect-tv lg:aspect-tv w-fullXXX relative self-start inline overflow-hidden\" target=\"_blank\" rel=\"noopener\"><\/p>\n<p>    <img decoding=\"async\" src=\"https:\/\/www.europesays.com\/de\/wp-content\/uploads\/2026\/01\/1769253432_931_arverio.jpg\" alt=\"Zwischen Augsburg und M\u00fcnchen nutzen viele Pendler den Zug.\" title=\"Zwischen Augsburg und M\u00fcnchen nutzen viele Pendler den Zug.\" class=\"h-full w-full object-cover\"\/><br \/>\n   <\/a><\/p>\n<p>            Wegen Bauarbeiten am Ostbahnhof: Das sind die \u00c4nderungen am Wochenende<\/p>\n<p class=\"mb-6 text-xs md:text-m lg:text-l font-serif group-[.font-sans]:font-sans \">\n    Von den Einschr\u00e4nkungen durch die Bauarbeiten sind an diesem Wochenende alle Linien betroffen. Im Detail bedeutet dies:\n  <\/p>\n<p>            S1: Leuchtenbergring \u2013 Freising\/Flughafen<\/p>\n<p class=\"mb-6 text-xs md:text-m lg:text-l font-serif group-[.font-sans]:font-sans \">\n    Die Z\u00fcge der S1 beginnen beziehungsweise enden am Hauptbahnhof, Gleis 27\u201335. Sie halten nicht an der Hackerbr\u00fccke.\n  <\/p>\n<p>            S2: Erding \u2013 Petershausen\/Altom\u00fcnster<\/p>\n<p class=\"mb-6 text-xs md:text-m lg:text-l font-serif group-[.font-sans]:font-sans \">\n    Z\u00fcge, die in Richtung Erding fahren oder aus dieser Richtung kommen, beginnen beziehungsweise enden am Ostbahnhof. Von beziehungsweise bis Riem fahren die Z\u00fcge ohne Halt.\n  <\/p>\n<p class=\"mb-6 text-xs md:text-m lg:text-l font-serif group-[.font-sans]:font-sans \">\n    Z\u00fcge, die in Richtung Petershausen\/Altom\u00fcnster fahren, beziehungsweise aus dieser Richtung kommen, beginnen und enden am Isartor.\n  <\/p>\n<p>      <a href=\"https:\/\/www.augsburger-allgemeine.de\/bayern\/vollsperrung-auf-bahnstrecke-zwischen-markt-schwaben-und-riem-von-1-mai-bis-15-juni-24-01-2026-113233221\" class=\"hidden  &#010;                md:block md:mr-5 md:min-w-[140px]  aspect-photo md:aspect-tv lg:aspect-tv w-fullXXX relative self-start inline overflow-hidden\" target=\"_blank\" rel=\"noopener\"><\/p>\n<p>    <img decoding=\"async\" src=\"https:\/\/images.mgpd.de\/img\/112790260\/crop\/c3_2-w100\/246440152\/94840934\/baustelle-der-zweiten-stammstrecke-in-muenchen.jpg\" alt=\"Pendler zwischen Markt Schwaben und M\u00fcnchen m\u00fcssen sich in diesem Jahr auf gro\u00dfe Einschr\u00e4nkungen einstellen.\" title=\"Pendler zwischen Markt Schwaben und M\u00fcnchen m\u00fcssen sich in diesem Jahr auf gro\u00dfe Einschr\u00e4nkungen einstellen.\" class=\"h-full w-full object-cover\"\/><br \/>\n   <\/a><\/p>\n<p>            S3: Holzkirchen \u2013 Mammendorf<\/p>\n<p class=\"mb-6 text-xs md:text-m lg:text-l font-serif group-[.font-sans]:font-sans \">\n    Z\u00fcge, die in Richtung Holzkirchen fahren oder aus dieser Richtung kommen, beginnen beziehungsweise enden in Giesing.\n  <\/p>\n<p class=\"mb-6 text-xs md:text-m lg:text-l font-serif group-[.font-sans]:font-sans \">\n    Z\u00fcge, die in Richtung Mammendorf fahren oder aus dieser Richtung kommen, beginnen beziehungsweise enden in Pasing.\n  <\/p>\n<p>            S4: Trudering \u2013 Geltendorf<\/p>\n<p class=\"mb-6 text-xs md:text-m lg:text-l font-serif group-[.font-sans]:font-sans \">\n    Z\u00fcge, die in Richtung Trudering fahren oder aus dieser Richtung kommen, fallen zwischen Trudering und Pasing vollst\u00e4ndig aus.\n  <\/p>\n<p class=\"mb-6 text-xs md:text-m lg:text-l font-serif group-[.font-sans]:font-sans \">\n    Z\u00fcge, die in Richtung Geltendorf fahren oder aus dieser Richtung kommen, beginnen beziehungsweise enden am Heimeranplatz, Gleis 11.\n  <\/p>\n<p>            S5: Kreuzstra\u00dfe \u2013 Pasing<\/p>\n<p class=\"mb-6 text-xs md:text-m lg:text-l font-serif group-[.font-sans]:font-sans \">\n    Z\u00fcge, die in Richtung Kreuzstra\u00dfe fahren oder aus dieser Richtung kommen, beginnen beziehungsweise enden in Giesing.\n  <\/p>\n<p class=\"mb-6 text-xs md:text-m lg:text-l font-serif group-[.font-sans]:font-sans \">\n    Z\u00fcge, die in Richtung Pasing fahren oder aus dieser Richtung kommen, fallen zwischen Giesing und Pasing aus.\n  <\/p>\n<p>            S6\/S8: Ebersberg\/Flughafen \u2013 Tutzing\/Herrsching<\/p>\n<p class=\"mb-6 text-xs md:text-m lg:text-l font-serif group-[.font-sans]:font-sans \">\n    Z\u00fcge, die in Richtung Ebersberg fahren oder aus dieser Richtung kommen, beginnen beziehungsweise enden in Trudering. Die Bahn stellt zwischen Trudering und dem Ostbahnhof einen Ersatzverkehr zur Verf\u00fcgung.\n  <\/p>\n<p class=\"mb-6 text-xs md:text-m lg:text-l font-serif group-[.font-sans]:font-sans \">\n    Z\u00fcge, die in Richtung Herrsching fahren oder aus dieser Richtung kommen, beginnen beziehungsweise enden in Pasing.\n  <\/p>\n<p class=\"mb-6 text-xs md:text-m lg:text-l font-serif group-[.font-sans]:font-sans \">\n    Z\u00fcge, die aus der Richtung Tutzing kommen, fahren zum <a href=\"https:\/\/www.augsburger-allgemeine.de\/bayern\/flughafen-muenchen-eroeffnungsfeier-terminal-1-am-13-april-nach-mega-projekt-113237828\" target=\"_self\" class=\"underline \" rel=\"noopener\">M\u00fcnchner Flughafen<\/a>.\n  <\/p>\n<p class=\"mb-6 text-xs md:text-m lg:text-l font-serif group-[.font-sans]:font-sans \">\n    Z\u00fcge, die aus der Richtung des Flughafens kommen, fahren nach Tutzing.\n  <\/p>\n<p>            S7: Hauptbahnhof \u2013 Wolfratshausen<\/p>\n<p class=\"mb-6 text-xs md:text-m lg:text-l font-serif group-[.font-sans]:font-sans \">\n    Zwischen den Haltestellen Hauptbahnhof und Wolfratshausen fahren Z\u00fcge der S7 planm\u00e4\u00dfig.\n  <\/p>\n<p>      <a href=\"https:\/\/www.augsburger-allgemeine.de\/bayern\/deutsche-bahn-fahrplanaenderungen-2026-im-fernverkehr-in-bayern-10-12-2025-111553164\" class=\"hidden  &#010;                md:block md:mr-5 md:min-w-[140px]  aspect-photo md:aspect-tv lg:aspect-tv w-fullXXX relative self-start inline overflow-hidden\" target=\"_blank\" rel=\"noopener\"><\/p>\n<p>    <img decoding=\"async\" src=\"https:\/\/images.mgpd.de\/img\/111553448\/crop\/c3_2-w100\/1033824486\/1820232776\/iyc6jbwu7l-v6-ax-s2048.jpg\" alt=\"Die Deutsche Bahn hat den Fahrplan f\u00fcr 2026 vorgestellt und will das Angebot im Fernverkehr stabiler machen sowie beliebte Ziele h\u00e4ufiger anfahren. \" title=\"Die Deutsche Bahn hat den Fahrplan f\u00fcr 2026 vorgestellt und will das Angebot im Fernverkehr stabiler machen sowie beliebte Ziele h\u00e4ufiger anfahren. \" class=\"h-full w-full object-cover\"\/><br \/>\n   <\/a><\/p>\n<ul data-module-id=\"DragDropModule\" class=\"flex flex-wrap justify-start group-[.no-bookmarks]:hidden\">\n<li class=\"mb-3 mr-3\">\n    Julia Mondry<\/p>\n<p>      Icon Haken im Kreis gesetzt<\/p>\n<p>      Icon Plus im Kreis<\/p>\n<\/li>\n<li class=\"mb-3 mr-3\">\n    Ostbahnhof<\/p>\n<p>      Icon Haken im Kreis gesetzt<\/p>\n<p>      Icon Plus im Kreis<\/p>\n<\/li>\n<li class=\"mb-3 mr-3\">\n    Stammstrecke<\/p>\n<p>      Icon Haken im Kreis gesetzt<\/p>\n<p>      Icon Plus im Kreis<\/p>\n<\/li>\n<\/ul>\n","protected":false},"excerpt":{"rendered":"Wie die Deutsche Bahn bereits vor Beginn des Jahres 2026 mitgeteilt hat, stehen neben dem Bau der zweiten&hellip;\n","protected":false},"author":2,"featured_media":743101,"comment_status":"","ping_status":"","sticky":false,"template":"","format":"standard","meta":{"footnotes":""},"categories":[1827],"tags":[2461,772,5219,2030,29,13808,30,6787,1268,38583,4423,2038,38393,25781],"class_list":{"0":"post-743100","1":"post","2":"type-post","3":"status-publish","4":"format-standard","5":"has-post-thumbnail","7":"category-muenchen","8":"tag-baustelle","9":"tag-bayern","10":"tag-db","11":"tag-deutsche-bahn","12":"tag-deutschland","13":"tag-ersatzverkehr","14":"tag-germany","15":"tag-giesing","16":"tag-muenchen","17":"tag-ostbahnhof","18":"tag-pasing","19":"tag-stammstrecke","20":"tag-trudering","21":"tag-zugbetrieb"},"share_on_mastodon":{"url":"https:\/\/pubeurope.com\/@de\/115949800623782494","error":""},"_links":{"self":[{"href":"https:\/\/www.europesays.com\/de\/wp-json\/wp\/v2\/posts\/743100","targetHints":{"allow":["GET"]}}],"collection":[{"href":"https:\/\/www.europesays.com\/de\/wp-json\/wp\/v2\/posts"}],"about":[{"href":"https:\/\/www.europesays.com\/de\/wp-json\/wp\/v2\/types\/post"}],"author":[{"embeddable":true,"href":"https:\/\/www.europesays.com\/de\/wp-json\/wp\/v2\/users\/2"}],"replies":[{"embeddable":true,"href":"https:\/\/www.europesays.com\/de\/wp-json\/wp\/v2\/comments?post=743100"}],"version-history":[{"count":0,"href":"https:\/\/www.europesays.com\/de\/wp-json\/wp\/v2\/posts\/743100\/revisions"}],"wp:featuredmedia":[{"embeddable":true,"href":"https:\/\/www.europesays.com\/de\/wp-json\/wp\/v2\/media\/743101"}],"wp:attachment":[{"href":"https:\/\/www.europesays.com\/de\/wp-json\/wp\/v2\/media?parent=743100"}],"wp:term":[{"taxonomy":"category","embeddable":true,"href":"https:\/\/www.europesays.com\/de\/wp-json\/wp\/v2\/categories?post=743100"},{"taxonomy":"post_tag","embeddable":true,"href":"https:\/\/www.europesays.com\/de\/wp-json\/wp\/v2\/tags?post=743100"}],"curies":[{"name":"wp","href":"https:\/\/api.w.org\/{rel}","templated":true}]}}