{"id":743118,"date":"2026-01-24T11:26:15","date_gmt":"2026-01-24T11:26:15","guid":{"rendered":"https:\/\/www.europesays.com\/de\/743118\/"},"modified":"2026-01-24T11:26:15","modified_gmt":"2026-01-24T11:26:15","slug":"am-flughafen-ber-mutmasslicher-hamas-waffenschmuggler-festgenommen","status":"publish","type":"post","link":"https:\/\/www.europesays.com\/de\/743118\/","title":{"rendered":"Am Flughafen BER: Mutma\u00dflicher Hamas-Waffenschmuggler festgenommen"},"content":{"rendered":"<p class=\"tspCCne tspCCnf\">Die Bundesanwaltschaft hat ein weiteres mutma\u00dfliches Mitglied der Terrororganisation Hamas festnehmen lassen. Der 36-J\u00e4hrige soll scharfe Munition beschafft haben, die mutma\u00dflich f\u00fcr Mordanschl\u00e4ge auf israelische oder j\u00fcdische Einrichtungen in Deutschland und Europa dienen sollte, wie die Karlsruher Beh\u00f6rde mitteilte. Zuvor hatte der \u201e<a href=\"https:\/\/www.spiegel.de\/politik\/deutschland\/berlin-fahnder-nehmen-mutmasslichen-waffenschmuggler-der-hamas-fest-a-40b6e314-742c-4b75-8373-6e4f38b2cfe0\" target=\"_blank\" rel=\"noopener\" class=\"link link--external\" data-gtm-class=\"article-text-link\" data-gtm-val=\"external\" aria-describedby=\"message-target-blank\">Spiegel<\/a>\u201c berichtet.<\/p>\n<p>Tagesspiegel Checkpoint: Berlins beliebtester Newsletter<\/p>\n<p><img decoding=\"async\" src=\"https:\/\/www.europesays.com\/de\/wp-content\/uploads\/2025\/04\/cp-icon.png\" alt=\"\" class=\"tspCUg8\"\/><\/p>\n<p class=\"tspCUpb\"> Der schnellste Berlin-\u00dcberblick von Montag bis Samstag. <\/p>\n<p class=\"tspCCne\">Beamte des Bundeskriminalamts und der Bundespolizei nahmen den Mann am Freitagabend bei seiner Einreise von der libanesischen Hauptstadt Beirut nach Berlin am Hauptstadtflughafen BER fest. Die Bundesanwaltschaft legt ihm zur Last, Mitglied der Hamas zu sein und Teil eines Teams sogenannter Auslandsoperateure gewesen zu sein.<\/p>\n<p> 300 Patronen scharfe Munition\u00a0 <\/p>\n<p class=\"tspCCne\">Nach Einsch\u00e4tzung der Ermittler soll der im Libanon geborene Mann etwa 300 scharfe Patronen f\u00fcr die Gruppe beschafft haben. Der 36-J\u00e4hrige sollte noch am Samstag dem Ermittlungsrichter des Bundesgerichtshofs in Karlsruhe vorgef\u00fchrt werden, der \u00fcber die Untersuchungshaft entscheidet.<\/p>\n<p>Mehr zum Thema<a href=\"https:\/\/www.tagesspiegel.de\/berlin\/terror-ausbildung-im-libanon-berliner-angeklagter-bestreitet-mitgliedschaft-in-hisbollah-miliz-15130573.html?icid=topic-list_15177559___\" data-gtm-class=\"article-mzt-link\" data-hydrate-fingerprint=\"09740a54944caac75fd2c0c63fd5c5df\" data-hydrate-props=\"{&amp;escapedquot;element&amp;escapedquot;:{&amp;escapedquot;type&amp;escapedquot;:&amp;escapedquot;relatedContent&amp;escapedquot;,&amp;escapedquot;fieldMap&amp;escapedquot;:{},&amp;escapedquot;relation&amp;escapedquot;:{&amp;escapedquot;fields&amp;escapedquot;:{&amp;escapedquot;isPaid&amp;escapedquot;:null},&amp;escapedquot;href&amp;escapedquot;:&amp;escapedquot;\/berlin\/terror-ausbildung-im-libanon-berliner-angeklagter-bestreitet-mitgliedschaft-in-hisbollah-miliz-15130573.html&amp;escapedquot;,&amp;escapedquot;teaserTitle&amp;escapedquot;:{&amp;escapedquot;kicker&amp;escapedquot;:&amp;escapedquot;Terror-Ausbildung im Libanon?&amp;escapedquot;,&amp;escapedquot;headline&amp;escapedquot;:&amp;escapedquot;Berliner Angeklagter bestreitet Mitgliedschaft in Hisbollah-Miliz&amp;escapedquot;},&amp;escapedquot;id&amp;escapedquot;:&amp;escapedquot;15130573&amp;escapedquot;,&amp;escapedquot;type&amp;escapedquot;:&amp;escapedquot;story&amp;escapedquot;},&amp;escapedquot;isPartOfList&amp;escapedquot;:true,&amp;escapedquot;topicListType&amp;escapedquot;:&amp;escapedquot;topic-list&amp;escapedquot;},&amp;escapedquot;showArrow&amp;escapedquot;:true}\" data-hydrate-slots=\"{&#039;default&#039;:[]}\" class=\"tspC1p0 tspCXpo\" target=\"_blank\" rel=\"noopener\">Terror-Ausbildung im Libanon? Berliner Angeklagter bestreitet Mitgliedschaft in Hisbollah-Miliz <\/a><a href=\"https:\/\/www.tagesspiegel.de\/internationales\/waffen-fur-hamas-anschlage-weiterer-mutmasslicher-komplize-bei-einreise-festgenommen-14832191.html?icid=topic-list_15177559___\" data-gtm-class=\"article-mzt-link\" data-hydrate-fingerprint=\"09740a54944caac75fd2c0c63fd5c5df\" data-hydrate-props=\"{&amp;escapedquot;element&amp;escapedquot;:{&amp;escapedquot;type&amp;escapedquot;:&amp;escapedquot;relatedContent&amp;escapedquot;,&amp;escapedquot;fieldMap&amp;escapedquot;:{},&amp;escapedquot;relation&amp;escapedquot;:{&amp;escapedquot;fields&amp;escapedquot;:{&amp;escapedquot;isPaid&amp;escapedquot;:null},&amp;escapedquot;href&amp;escapedquot;:&amp;escapedquot;\/internationales\/waffen-fur-hamas-anschlage-weiterer-mutmasslicher-komplize-bei-einreise-festgenommen-14832191.html&amp;escapedquot;,&amp;escapedquot;teaserTitle&amp;escapedquot;:{&amp;escapedquot;kicker&amp;escapedquot;:&amp;escapedquot;Waffen f\u00fcr Hamas-Anschl\u00e4ge&amp;escapedquot;,&amp;escapedquot;headline&amp;escapedquot;:&amp;escapedquot;Weiterer mutma\u00dflicher Komplize bei Einreise festgenommen&amp;escapedquot;},&amp;escapedquot;id&amp;escapedquot;:&amp;escapedquot;14832191&amp;escapedquot;,&amp;escapedquot;type&amp;escapedquot;:&amp;escapedquot;story&amp;escapedquot;},&amp;escapedquot;isPartOfList&amp;escapedquot;:true,&amp;escapedquot;topicListType&amp;escapedquot;:&amp;escapedquot;topic-list&amp;escapedquot;},&amp;escapedquot;showArrow&amp;escapedquot;:true}\" data-hydrate-slots=\"{&#039;default&#039;:[]}\" class=\"tspC1p0 tspCXpo\" target=\"_blank\" rel=\"noopener\">Waffen f\u00fcr Hamas-Anschl\u00e4ge Weiterer mutma\u00dflicher Komplize bei Einreise festgenommen <\/a><a href=\"https:\/\/www.tagesspiegel.de\/berlin\/drei-festnahmen-in-berlin-mutmassliche-hamas-mitglieder-sollen-waffen-fur-anschlage-in-deutschland-beschafft-haben-14445269.html?icid=topic-list_15177559___\" data-gtm-class=\"article-mzt-link\" data-hydrate-fingerprint=\"09740a54944caac75fd2c0c63fd5c5df\" data-hydrate-props=\"{&amp;escapedquot;element&amp;escapedquot;:{&amp;escapedquot;type&amp;escapedquot;:&amp;escapedquot;relatedContent&amp;escapedquot;,&amp;escapedquot;fieldMap&amp;escapedquot;:{},&amp;escapedquot;relation&amp;escapedquot;:{&amp;escapedquot;fields&amp;escapedquot;:{&amp;escapedquot;isPaid&amp;escapedquot;:null},&amp;escapedquot;href&amp;escapedquot;:&amp;escapedquot;\/berlin\/drei-festnahmen-in-berlin-mutmassliche-hamas-mitglieder-sollen-waffen-fur-anschlage-in-deutschland-beschafft-haben-14445269.html&amp;escapedquot;,&amp;escapedquot;teaserTitle&amp;escapedquot;:{&amp;escapedquot;kicker&amp;escapedquot;:&amp;escapedquot;Drei Festnahmen in Berlin&amp;escapedquot;,&amp;escapedquot;headline&amp;escapedquot;:&amp;escapedquot;Mutma\u00dfliche Hamas-Mitglieder sollen Waffen f\u00fcr Anschl\u00e4ge in Deutschland beschafft haben&amp;escapedquot;},&amp;escapedquot;id&amp;escapedquot;:&amp;escapedquot;14445269&amp;escapedquot;,&amp;escapedquot;type&amp;escapedquot;:&amp;escapedquot;story&amp;escapedquot;},&amp;escapedquot;isPartOfList&amp;escapedquot;:true,&amp;escapedquot;topicListType&amp;escapedquot;:&amp;escapedquot;topic-list&amp;escapedquot;},&amp;escapedquot;showArrow&amp;escapedquot;:true}\" data-hydrate-slots=\"{&#039;default&#039;:[]}\" class=\"tspC1p0 tspCXpo\" target=\"_blank\" rel=\"noopener\">Drei Festnahmen in Berlin Mutma\u00dfliche Hamas-Mitglieder sollen Waffen f\u00fcr Anschl\u00e4ge in Deutschland beschafft haben <\/a><\/p>\n<p class=\"tspCCne\">In dem Komplex kam es in den vergangenen Monaten schon zu mehreren Festnahmen: Im Oktober wurden drei <a href=\"https:\/\/www.tagesspiegel.de\/internationales\/waffen-fur-hamas-anschlage-weiterer-mutmasslicher-komplize-bei-einreise-festgenommen-14832191.html?icid=in-text-link_15177559\" class=\"link link--internal\" data-gtm-class=\"article-text-link\" data-gtm-val=\"internal\" target=\"_blank\" rel=\"noopener\">mutma\u00dfliche Hamas-Mitglieder bei einer Waffen\u00fcbergabe in Berlin gefasst<\/a>. Weitere Verd\u00e4chtige nahmen Ermittler in London und bei der Einreise aus Tschechien fest. (dpa)<\/p>\n","protected":false},"excerpt":{"rendered":"Die Bundesanwaltschaft hat ein weiteres mutma\u00dfliches Mitglied der Terrororganisation Hamas festnehmen lassen. Der 36-J\u00e4hrige soll scharfe Munition beschafft&hellip;\n","protected":false},"author":2,"featured_media":743119,"comment_status":"","ping_status":"","sticky":false,"template":"","format":"standard","meta":{"footnotes":""},"categories":[1825],"tags":[296,82679,29,30,7296],"class_list":{"0":"post-743118","1":"post","2":"type-post","3":"status-publish","4":"format-standard","5":"has-post-thumbnail","7":"category-berlin","8":"tag-berlin","9":"tag-der-berliner-flughafen-ber","10":"tag-deutschland","11":"tag-germany","12":"tag-libanon"},"share_on_mastodon":{"url":"https:\/\/pubeurope.com\/@de\/115949835784915634","error":""},"_links":{"self":[{"href":"https:\/\/www.europesays.com\/de\/wp-json\/wp\/v2\/posts\/743118","targetHints":{"allow":["GET"]}}],"collection":[{"href":"https:\/\/www.europesays.com\/de\/wp-json\/wp\/v2\/posts"}],"about":[{"href":"https:\/\/www.europesays.com\/de\/wp-json\/wp\/v2\/types\/post"}],"author":[{"embeddable":true,"href":"https:\/\/www.europesays.com\/de\/wp-json\/wp\/v2\/users\/2"}],"replies":[{"embeddable":true,"href":"https:\/\/www.europesays.com\/de\/wp-json\/wp\/v2\/comments?post=743118"}],"version-history":[{"count":0,"href":"https:\/\/www.europesays.com\/de\/wp-json\/wp\/v2\/posts\/743118\/revisions"}],"wp:featuredmedia":[{"embeddable":true,"href":"https:\/\/www.europesays.com\/de\/wp-json\/wp\/v2\/media\/743119"}],"wp:attachment":[{"href":"https:\/\/www.europesays.com\/de\/wp-json\/wp\/v2\/media?parent=743118"}],"wp:term":[{"taxonomy":"category","embeddable":true,"href":"https:\/\/www.europesays.com\/de\/wp-json\/wp\/v2\/categories?post=743118"},{"taxonomy":"post_tag","embeddable":true,"href":"https:\/\/www.europesays.com\/de\/wp-json\/wp\/v2\/tags?post=743118"}],"curies":[{"name":"wp","href":"https:\/\/api.w.org\/{rel}","templated":true}]}}