{"id":743132,"date":"2026-01-24T11:34:13","date_gmt":"2026-01-24T11:34:13","guid":{"rendered":"https:\/\/www.europesays.com\/de\/743132\/"},"modified":"2026-01-24T11:34:13","modified_gmt":"2026-01-24T11:34:13","slug":"blessin-lockt-rasmussen-von-union-sg-zum-fc-st-pauli","status":"publish","type":"post","link":"https:\/\/www.europesays.com\/de\/743132\/","title":{"rendered":"Blessin lockt Rasmussen von Union SG zum FC St. Pauli"},"content":{"rendered":"<p>Cousin von Ryerson\u00a0<\/p>\n<p>                                    <img decoding=\"async\" src=\"https:\/\/www.europesays.com\/de\/wp-content\/uploads\/2026\/01\/mathias-rasmussen-union-sg-2024-1709725026-131112.jpg\" title=\"Blessin lockt Rasmussen von Union SG zum FC St. Pauli\" alt=\"Blessin lockt Rasmussen von Union SG zum FC St. Pauli\"\/><\/p>\n<p>\n                                       \u00a9IMAGO\n                                    <\/p>\n<p>Trainer <a title=\"Alexander Blessin\" href=\"https:\/\/www.transfermarkt.de\/alexander-blessin\/profil\/trainer\/26099\" target=\"_blank\" rel=\"noopener\">Alexander Blessin<\/a> hat einen ehemaligen Sch\u00fctzling von <a title=\"Union Saint-Gilloise\" href=\"https:\/\/www.transfermarkt.de\/union-saint-gilloise\/startseite\/verein\/3948\" target=\"_blank\" rel=\"noopener\">Union Saint-Gilloise<\/a> zum <a title=\"FC St. Pauli\" href=\"https:\/\/www.transfermarkt.de\/fc-st-pauli\/startseite\/verein\/35\" target=\"_blank\" rel=\"noopener\">FC St. Pauli<\/a> gelockt. Die Kiezkicker best\u00e4tigen einen Tag nach dem 0:0 im Stadtderby die Verpflichtung des zentralen Mittelfeldspielers <a title=\"Mathias Rasmussen\" href=\"https:\/\/www.transfermarkt.de\/mathias-rasmussen\/profil\/spieler\/268327\" target=\"_blank\" rel=\"noopener\">Mathias Rasmussen<\/a>. Unter Blessin bestritt der 28-j\u00e4hrige Norweger bereits 53 Partien.<\/p>\n<p><\/p>\n<p>\u201eMathias trifft unter Druck schnelle Entscheidungen und gibt einer Mannschaft im Zentrum Ordnung. Er kann das Tempo bestimmen, B\u00e4lle fordern und ist gleichzeitig sehr zuverl\u00e4ssig gegen den Ball. Genau diese Balance aus defensiver Zuverl\u00e4ssigkeit und offensiver Orientierung ist f\u00fcr unser Spiel entscheidend\u201c, sagte der Trainer \u00fcber den <a href=\"https:\/\/www.transfermarkt.de\/fc-st-pauli\/transfers\/verein\/35\/plus\/?saison_id=2025&amp;pos=&amp;detailpos=&amp;w_s=w\" target=\"_blank\" rel=\"noopener\">dritten Winter-Neuzugang<\/a>, der sowohl auf der Acht als auch auf der Sechs eingesetzt werden kann.<\/p>\n<p><\/p>\n<p>Rasmussen wechselt damit erstmals in eine europ\u00e4ische Top-5-Liga und trifft dabei auf seinen Cousin <a title=\"Julian Ryerson\" href=\"https:\/\/www.transfermarkt.de\/julian-ryerson\/profil\/spieler\/370789\" target=\"_blank\" rel=\"noopener\">Julian Ryerson<\/a> (28, <a title=\"Borussia Dortmund\" href=\"https:\/\/www.transfermarkt.de\/borussia-dortmund\/startseite\/verein\/16\" target=\"_blank\" rel=\"noopener\">BVB<\/a>). F\u00fcr Union SG absolvierte der Mittelfeldspieler seit 2023 113 Partien (acht Tore, neun Vorlagen), er wurde mit dem Klub belgischer Meister, Pokal- und Superpokalsieger. Da sein Vertrag beim <a title=\"Jupiler Pro League\" href=\"https:\/\/www.transfermarkt.de\/jupiler-pro-league\/startseite\/wettbewerb\/BE1\" target=\"_blank\" rel=\"noopener\">Jupiler-Pro-League<\/a>-Klub urspr\u00fcnglich noch bis 2027 g\u00fcltig war, wird f\u00fcr ihn eine Abl\u00f6se f\u00e4llig, \u00fcber die die Vereine aber nichts mitteilten.<\/p>\n<p><a href=\"https:\/\/www.transfermarkt.de\/fc-st-pauli\/detail\/forum\/90\" target=\"_blank\" rel=\"noopener\"><br \/>\n    <img loading=\"lazy\" decoding=\"async\" class=\"innews\" src=\"https:\/\/www.europesays.com\/de\/wp-content\/uploads\/2026\/01\/banner-vereinsforen-2024-25-fc-st-pauli-1734627840-157178.jpg\" alt=\"Im Forum \u00fcber den FC St. Pauli mitreden!\" width=\"503\" height=\"148\"\/><\/p>\n<p><\/a><\/p>\n<p>\u201eIch freue mich sehr auf die Bundesliga und speziell auf den FC St. Pauli mit seinem intensiven Fu\u00dfball. Die Gespr\u00e4che mit den Verantwortlichen waren sehr \u00fcberzeugend; ich habe schnell gesp\u00fcrt, dass dieser Schritt f\u00fcr mich der richtige ist. Ich freue mich darauf, meinen Teil beizutragen und gemeinsam mit dem Team alles f\u00fcr den Verein zu geben\u201c, wird Rasmussen zitiert.<\/p>\n<p><\/p>\n","protected":false},"excerpt":{"rendered":"Cousin von Ryerson\u00a0 \u00a9IMAGO Trainer Alexander Blessin hat einen ehemaligen Sch\u00fctzling von Union Saint-Gilloise zum FC St. Pauli&hellip;\n","protected":false},"author":2,"featured_media":743133,"comment_status":"","ping_status":"","sticky":false,"template":"","format":"standard","meta":{"footnotes":""},"categories":[136],"tags":[13648,299,29,459,30,12526,169932,265,28926],"class_list":{"0":"post-743132","1":"post","2":"type-post","3":"status-publish","4":"format-standard","5":"has-post-thumbnail","7":"category-sport","8":"tag-alexander-blessin","9":"tag-bundesliga","10":"tag-deutschland","11":"tag-fc-st-pauli","12":"tag-germany","13":"tag-jupiler-pro-league","14":"tag-mathias-rasmussen","15":"tag-sport","16":"tag-union-saint-gilloise"},"share_on_mastodon":{"url":"https:\/\/pubeurope.com\/@de\/115949867321920082","error":""},"_links":{"self":[{"href":"https:\/\/www.europesays.com\/de\/wp-json\/wp\/v2\/posts\/743132","targetHints":{"allow":["GET"]}}],"collection":[{"href":"https:\/\/www.europesays.com\/de\/wp-json\/wp\/v2\/posts"}],"about":[{"href":"https:\/\/www.europesays.com\/de\/wp-json\/wp\/v2\/types\/post"}],"author":[{"embeddable":true,"href":"https:\/\/www.europesays.com\/de\/wp-json\/wp\/v2\/users\/2"}],"replies":[{"embeddable":true,"href":"https:\/\/www.europesays.com\/de\/wp-json\/wp\/v2\/comments?post=743132"}],"version-history":[{"count":0,"href":"https:\/\/www.europesays.com\/de\/wp-json\/wp\/v2\/posts\/743132\/revisions"}],"wp:featuredmedia":[{"embeddable":true,"href":"https:\/\/www.europesays.com\/de\/wp-json\/wp\/v2\/media\/743133"}],"wp:attachment":[{"href":"https:\/\/www.europesays.com\/de\/wp-json\/wp\/v2\/media?parent=743132"}],"wp:term":[{"taxonomy":"category","embeddable":true,"href":"https:\/\/www.europesays.com\/de\/wp-json\/wp\/v2\/categories?post=743132"},{"taxonomy":"post_tag","embeddable":true,"href":"https:\/\/www.europesays.com\/de\/wp-json\/wp\/v2\/tags?post=743132"}],"curies":[{"name":"wp","href":"https:\/\/api.w.org\/{rel}","templated":true}]}}